{"id":125427,"date":"2018-11-12T10:42:40","date_gmt":"2018-11-12T12:42:40","guid":{"rendered":"https:\/\/diarioregionaldigital.com.br\/?p=125427"},"modified":"2018-11-12T10:42:40","modified_gmt":"2018-11-12T12:42:40","slug":"flamengo-fecha-parceria-com-tupynambas-para-a-base","status":"publish","type":"post","link":"https:\/\/diarioregionaldigital.com.br\/?p=125427","title":{"rendered":"Flamengo fecha parceria com Tupynamb\u00e1s para a base"},"content":{"rendered":"<p>Ap\u00f3s revelar grandes nomes para o futebol Mundial recentemente, o Flamengo procura ampliar meios para revelar novas joias e diante disso, o clube rubro-negro est\u00e1 negociando uma parceria com o\u00a0Tupynamb\u00e1s, clube de Juiz de Fora que disputar\u00e1 o Campeonato Mineiro em 2019.<\/p>\n<p>O Flamengo revelou grandes nomes para o cen\u00e1rio Mundial nos \u00faltimos anos: Vin\u00edcius J\u00fanior, Lucas Paquet\u00e1, Felipe Vizeu e Lincoln s\u00e3o alguns exemplos e o\u00a0Meng\u00e3o quer seguir segundo uma grande celeiro de craques e para aumentar ainda mais essa possibilidade\u00a0negocia uma parceria com o\u00a0Tupynamb\u00e1s. A primeira reuni\u00e3o foi feita ontem e a tend\u00eancia \u00e9 que a pr\u00f3xima ocorra semana que vem.<\/p>\n<p>Walter Oaquim, vice-presidente da situa\u00e7\u00e3o nas elei\u00e7\u00f5es do clube falou sobre a inten\u00e7\u00e3o da parceria entre os clubes:<\/p>\n<p>\u201cA ideia seria primeiramente fazer um acordo de divis\u00f5es de base, j\u00e1 que o Flamengo faz capta\u00e7\u00e3o de atletas. Na minha vis\u00e3o, seria \u00f3timo para os dois, j\u00e1 que eles (Tupynamb\u00e1s) disputam a primeira divis\u00e3o do Campeonato Mineiro e n\u00f3s temos atletas dispon\u00edveis. Estou levando este assunto para o Departamento de Futebol do Flamengo. N\u00e3o est\u00e1 oficializado, mas o farei pra debater com os setores do clube\u201d, disse ao\u00a0Globoesporte.com.<\/p>\n<p>Vale lembrar que o Flamengo encontrasse em per\u00edodo eleitoral e por este motivo a\u00a0negocia\u00e7\u00e3o entre os clubes deve acontecer antes mesmo do encerramento da gest\u00e3o de\u00a0Eduardo Bandeira de Mello, que\u00a0acaba em dezembro.<\/p>\n<p>Fonte: Torcedores.com<\/p>\n","protected":false},"excerpt":{"rendered":"<p>Ap\u00f3s revelar grandes nomes para o futebol Mundial recentemente, o Flamengo procura ampliar meios para revelar novas joias e diante disso, o clube rubro-negro est\u00e1 negociando uma parceria com o\u00a0Tupynamb\u00e1s, clube de Juiz de Fora que disputar\u00e1 o Campeonato Mineiro em 2019. O Flamengo revelou grandes nomes para o cen\u00e1rio Mundial nos \u00faltimos anos: Vin\u00edcius [&hellip;]<\/p>\n","protected":false},"author":96,"featured_media":125431,"comment_status":"closed","ping_status":"closed","sticky":false,"template":"","format":"standard","meta":{"footnotes":""},"categories":[257,439],"tags":[],"class_list":["post-125427","post","type-post","status-publish","format-standard","has-post-thumbnail","hentry","category-esporte","category-ultima-hora"],"_links":{"self":[{"href":"https:\/\/diarioregionaldigital.com.br\/index.php?rest_route=\/wp\/v2\/posts\/125427","targetHints":{"allow":["GET"]}}],"collection":[{"href":"https:\/\/diarioregionaldigital.com.br\/index.php?rest_route=\/wp\/v2\/posts"}],"about":[{"href":"https:\/\/diarioregionaldigital.com.br\/index.php?rest_route=\/wp\/v2\/types\/post"}],"author":[{"embeddable":true,"href":"https:\/\/diarioregionaldigital.com.br\/index.php?rest_route=\/wp\/v2\/users\/96"}],"replies":[{"embeddable":true,"href":"https:\/\/diarioregionaldigital.com.br\/index.php?rest_route=%2Fwp%2Fv2%2Fcomments&post=125427"}],"version-history":[{"count":0,"href":"https:\/\/diarioregionaldigital.com.br\/index.php?rest_route=\/wp\/v2\/posts\/125427\/revisions"}],"wp:featuredmedia":[{"embeddable":true,"href":"https:\/\/diarioregionaldigital.com.br\/index.php?rest_route=\/wp\/v2\/media\/125431"}],"wp:attachment":[{"href":"https:\/\/diarioregionaldigital.com.br\/index.php?rest_route=%2Fwp%2Fv2%2Fmedia&parent=125427"}],"wp:term":[{"taxonomy":"category","embeddable":true,"href":"https:\/\/diarioregionaldigital.com.br\/index.php?rest_route=%2Fwp%2Fv2%2Fcategories&post=125427"},{"taxonomy":"post_tag","embeddable":true,"href":"https:\/\/diarioregionaldigital.com.br\/index.php?rest_route=%2Fwp%2Fv2%2Ftags&post=125427"}],"curies":[{"name":"wp","href":"https:\/\/api.w.org\/{rel}","templated":true}]}}