{"id":125412,"date":"2018-11-12T07:46:09","date_gmt":"2018-11-12T09:46:09","guid":{"rendered":"https:\/\/diarioregionaldigital.com.br\/?p=125412"},"modified":"2018-11-12T07:46:09","modified_gmt":"2018-11-12T09:46:09","slug":"homem-e-agredido-por-assaltantes-na-regiao-central-de-juiz-de-fora","status":"publish","type":"post","link":"https:\/\/diarioregionaldigital.com.br\/?p=125412","title":{"rendered":"Homem \u00e9 agredido por assaltantes na regi\u00e3o Central de Juiz de Fora"},"content":{"rendered":"<p>Um rapaz, de 29 anos, foi v\u00edtima de assalto na Avenida Get\u00falio Vargas, na regi\u00e3o Central de Juiz de Fora, nesse domingo, 11. O jovem passava pela via,por volta das 5h30, quando foi surpreendido por outro homem, que exigiu que ele entregasse o celular. A v\u00edtima\u00a0 se recusou a entregar o telefone e correu no sentido \u00e0 Rua Batista de Oliveira, na tentativa de fugir do assaltante. Por\u00e9m, o autor conseguiu alcan\u00e7\u00e1-lo e os dois entraram em luta corporal.<\/p>\n<p>O jovem gritou por socorro, mas outros dois homens apareceram e apoiaram o agressor. Ap\u00f3s conseguirem pegar o celular, os homens fugiram.<\/p>\n<p>A Pol\u00edcia Militar realizou rastreamento na regi\u00e3o e localizou os tr\u00eas autores, que possuem idades entre 29 e 31 anos, na Avenida Brasil, pr\u00f3ximo \u00e0 feira livre. O celular roubado foi encontrado e os assaltantes presos e encaminhados para a delegacia.<\/p>\n","protected":false},"excerpt":{"rendered":"<p>Um rapaz, de 29 anos, foi v\u00edtima de assalto na Avenida Get\u00falio Vargas, na regi\u00e3o Central de Juiz de Fora, nesse domingo, 11. O jovem passava pela via,por volta das 5h30, quando foi surpreendido por outro homem, que exigiu que ele entregasse o celular. A v\u00edtima\u00a0 se recusou a entregar o telefone e correu no [&hellip;]<\/p>\n","protected":false},"author":96,"featured_media":95836,"comment_status":"closed","ping_status":"closed","sticky":false,"template":"","format":"standard","meta":{"footnotes":""},"categories":[301],"tags":[],"class_list":["post-125412","post","type-post","status-publish","format-standard","has-post-thumbnail","hentry","category-artigos-policiais"],"_links":{"self":[{"href":"https:\/\/diarioregionaldigital.com.br\/index.php?rest_route=\/wp\/v2\/posts\/125412","targetHints":{"allow":["GET"]}}],"collection":[{"href":"https:\/\/diarioregionaldigital.com.br\/index.php?rest_route=\/wp\/v2\/posts"}],"about":[{"href":"https:\/\/diarioregionaldigital.com.br\/index.php?rest_route=\/wp\/v2\/types\/post"}],"author":[{"embeddable":true,"href":"https:\/\/diarioregionaldigital.com.br\/index.php?rest_route=\/wp\/v2\/users\/96"}],"replies":[{"embeddable":true,"href":"https:\/\/diarioregionaldigital.com.br\/index.php?rest_route=%2Fwp%2Fv2%2Fcomments&post=125412"}],"version-history":[{"count":0,"href":"https:\/\/diarioregionaldigital.com.br\/index.php?rest_route=\/wp\/v2\/posts\/125412\/revisions"}],"wp:featuredmedia":[{"embeddable":true,"href":"https:\/\/diarioregionaldigital.com.br\/index.php?rest_route=\/wp\/v2\/media\/95836"}],"wp:attachment":[{"href":"https:\/\/diarioregionaldigital.com.br\/index.php?rest_route=%2Fwp%2Fv2%2Fmedia&parent=125412"}],"wp:term":[{"taxonomy":"category","embeddable":true,"href":"https:\/\/diarioregionaldigital.com.br\/index.php?rest_route=%2Fwp%2Fv2%2Fcategories&post=125412"},{"taxonomy":"post_tag","embeddable":true,"href":"https:\/\/diarioregionaldigital.com.br\/index.php?rest_route=%2Fwp%2Fv2%2Ftags&post=125412"}],"curies":[{"name":"wp","href":"https:\/\/api.w.org\/{rel}","templated":true}]}}