{"id":125405,"date":"2018-11-10T13:08:06","date_gmt":"2018-11-10T15:08:06","guid":{"rendered":"https:\/\/diarioregionaldigital.com.br\/?p=125405"},"modified":"2018-11-10T13:08:06","modified_gmt":"2018-11-10T15:08:06","slug":"bolsonaro-defende-turismo-como-forma-de-preservacao-ambiental","status":"publish","type":"post","link":"https:\/\/diarioregionaldigital.com.br\/?p=125405","title":{"rendered":"Bolsonaro defende turismo como forma de preserva\u00e7\u00e3o ambiental"},"content":{"rendered":"<p>O presidente eleito Jair Bolsonaro usou sua conta no Twitter, hoje, 10, para defender a explora\u00e7\u00e3o do turismo em \u00e1reas de preserva\u00e7\u00e3o como forma de proteger o meio ambiente. Ele tamb\u00e9m voltou a criticar setores ambientalistas.<\/p>\n<p>&#8220;O turismo associado ao meio ambiente \u00e9 uma \u00f3tima f\u00f3rmula comprovada para a preserva\u00e7\u00e3o. A alega\u00e7\u00e3o do intoc\u00e1vel age em prol de pequenos grupos, sugar a mente de inocentes, encher o bolso de poucos e dominar a grande maioria envolvida, travando o verdadeiro desenvolvimento!&#8221;, disse.<\/p>\n<div class=\"dnd-widget-wrapper context-cheio_8colunas type-image\">\n<div class=\"dnd-atom-rendered\">\n<p>Ele j\u00e1 havia tratado do assunto na noite de sexta-feira, 9, durante uma transmiss\u00e3o ao vivo pelo Facebook.<\/p>\n<p>Na ocasi\u00e3o, Bolsonaro voltou a criticar o que chamou de &#8220;ind\u00fastria da multa&#8221;, citando a a\u00e7\u00e3o de \u00f3rg\u00e3os como o Instituto Brasileiro do Meio Ambiente e Recursos Naturais (Ibama) e do Instituto Chico Mendes de Conserva\u00e7\u00e3o da Biodiversidade(ICMBio), e falou novamente sobre a indica\u00e7\u00e3o de um nome para comandar o Minist\u00e9rio do Meio Ambiente, que n\u00e3o ser\u00e1 mais agrupado ao da Agricultura, como cogitado inicialmente.<\/p>\n<h2>Indica\u00e7\u00e3o para o minist\u00e9rio<\/h2>\n<p>&#8220;Aten\u00e7\u00e3o pessoal ambientalista, quem vai indicar o ministro do Meio Ambiente \u00e9 Jair Messias Bolsonaro. Quero voc\u00eas trabalhando de verdade e n\u00e3o trabalhando por interesse. Voc\u00eas do meio ambiente n\u00e3o sabem como \u00e9 produzir, o quanto \u00e9 dif\u00edcil ser agricultor no Brasil, e vai l\u00e1 sempre meter a caneta nos caras&#8221;, afirmou em um trecho da transmiss\u00e3o.<\/p>\n<p>Na mesma grava\u00e7\u00e3o, Bolsonaro disse ainda que quer implantar turismo em unidades de conserva\u00e7\u00e3o e disse que isso \u00e9 um fator de preserva\u00e7\u00e3o ambiental.<\/p>\n<p>&#8220;N\u00e3o \u00e9 demarcar como parque nacional, esta\u00e7\u00e3o ecol\u00f3gica, unidade de conserva\u00e7\u00e3o e resolver o assunto. N\u00f3s queremos fazer o turismo nessa regi\u00e3o porque traz divisa pra gente e voc\u00ea preserva. O turismo preservaria o meio ambiente e n\u00e3o essa forma xiita que o Ibama vem fazendo at\u00e9 hoje&#8221;, disse.<\/p>\n<p>Segundo o presidente eleito, o nome da pessoa que comandar\u00e1 o Minist\u00e9rio do Meio Ambiente deve ser anunciado na semana que vem, juntamente com os futuros ministros da Sa\u00fade, das Rela\u00e7\u00f5es Exteriores, da Defesa e da Educa\u00e7\u00e3o.<\/p>\n<\/div>\n<\/div>\n<p>Fonte: Ag\u00eancia Brasil<\/p>\n","protected":false},"excerpt":{"rendered":"<p>O presidente eleito Jair Bolsonaro usou sua conta no Twitter, hoje, 10, para defender a explora\u00e7\u00e3o do turismo em \u00e1reas de preserva\u00e7\u00e3o como forma de proteger o meio ambiente. Ele tamb\u00e9m voltou a criticar setores ambientalistas. &#8220;O turismo associado ao meio ambiente \u00e9 uma \u00f3tima f\u00f3rmula comprovada para a preserva\u00e7\u00e3o. A alega\u00e7\u00e3o do intoc\u00e1vel age [&hellip;]<\/p>\n","protected":false},"author":96,"featured_media":125406,"comment_status":"closed","ping_status":"closed","sticky":false,"template":"","format":"standard","meta":{"footnotes":""},"categories":[436,254,439],"tags":[],"class_list":["post-125405","post","type-post","status-publish","format-standard","has-post-thumbnail","hentry","category-destaque-da-semana","category-politica","category-ultima-hora"],"_links":{"self":[{"href":"https:\/\/diarioregionaldigital.com.br\/index.php?rest_route=\/wp\/v2\/posts\/125405","targetHints":{"allow":["GET"]}}],"collection":[{"href":"https:\/\/diarioregionaldigital.com.br\/index.php?rest_route=\/wp\/v2\/posts"}],"about":[{"href":"https:\/\/diarioregionaldigital.com.br\/index.php?rest_route=\/wp\/v2\/types\/post"}],"author":[{"embeddable":true,"href":"https:\/\/diarioregionaldigital.com.br\/index.php?rest_route=\/wp\/v2\/users\/96"}],"replies":[{"embeddable":true,"href":"https:\/\/diarioregionaldigital.com.br\/index.php?rest_route=%2Fwp%2Fv2%2Fcomments&post=125405"}],"version-history":[{"count":0,"href":"https:\/\/diarioregionaldigital.com.br\/index.php?rest_route=\/wp\/v2\/posts\/125405\/revisions"}],"wp:featuredmedia":[{"embeddable":true,"href":"https:\/\/diarioregionaldigital.com.br\/index.php?rest_route=\/wp\/v2\/media\/125406"}],"wp:attachment":[{"href":"https:\/\/diarioregionaldigital.com.br\/index.php?rest_route=%2Fwp%2Fv2%2Fmedia&parent=125405"}],"wp:term":[{"taxonomy":"category","embeddable":true,"href":"https:\/\/diarioregionaldigital.com.br\/index.php?rest_route=%2Fwp%2Fv2%2Fcategories&post=125405"},{"taxonomy":"post_tag","embeddable":true,"href":"https:\/\/diarioregionaldigital.com.br\/index.php?rest_route=%2Fwp%2Fv2%2Ftags&post=125405"}],"curies":[{"name":"wp","href":"https:\/\/api.w.org\/{rel}","templated":true}]}}