{"id":125399,"date":"2018-11-10T12:58:28","date_gmt":"2018-11-10T14:58:28","guid":{"rendered":"https:\/\/diarioregionaldigital.com.br\/?p=125399"},"modified":"2018-11-10T12:58:28","modified_gmt":"2018-11-10T14:58:28","slug":"torcedores-denunciados-por-tentativa-de-homicidio","status":"publish","type":"post","link":"https:\/\/diarioregionaldigital.com.br\/?p=125399","title":{"rendered":"Torcedores denunciados por tentativa de homic\u00eddio"},"content":{"rendered":"<p>Em decis\u00e3o publicada no \u00faltimo dia 26 de outubro pelo 1\u00ba Tribunal do J\u00fari de Belo Horizonte, o juiz sumariante Marcelo Fioravante acatou a den\u00fancia do Minist\u00e9rio P\u00fablico, oferecida contra cinco torcedores da Galoucura, acusados de tentativa de homic\u00eddio contra um torcedor do Cruzeiro, no dia 3 de mar\u00e7o de 2018.<\/p>\n<p>Na mesma decis\u00e3o, o juiz manteve as pris\u00f5es contra os denunciados A.B.C., D.F.J., M.V.O. e D.T.S., e ainda decretou a pris\u00e3o de R.C.S.,\u00a0 identificado posteriormente, em imagens de v\u00eddeo, como um dos que desferiram o maior n\u00famero de golpes na v\u00edtima, quando esta j\u00e1 estava descordada.<\/p>\n<p>Ao justificar a medida cautelar de pris\u00e3o, o juiz Marcelo fioravante observou que nenhuma das outras cautelares previstas no art. 319 do C\u00f3digo de Processo Penal (CPP) \u00e9 suficiente para afastar a pris\u00e3o preventiva dos denunciados, requerida pela autoridade policial e o Minist\u00e9rio P\u00fablico, representado pelo promotor de justi\u00e7a criminal, Eduardo Nepomuceno.<\/p>\n<p>Ele destacou a gravidade da conduta delituosa, das condi\u00e7\u00f5es pessoais dos envolvidos e das pr\u00f3prias circunst\u00e2ncias em que tudo aconteceu, lembrando que os denunciados foram identificados, por\u00a0 meio de imagens, depoimentos e documentos, como sendo os integrantes da torcida organizada Galoucura, que protagonizaram as agress\u00f5es contra a v\u00edtima Cloves Schuartz Henriques de Souza Neves, integrante da M\u00e1fia Azul.<\/p>\n<p>Considerou ainda que dever\u00e3o ser ouvidas em ju\u00edzo a v\u00edtima e as testemunhas dos fatos, o que evidencia a necessidade de que seja decretada a segrega\u00e7\u00e3o cautelar requerida pelo menos por enquanto, \u201cpor inequ\u00edvoca conveni\u00eancia da instru\u00e7\u00e3o processual e para regular manuten\u00e7\u00e3o da ordem p\u00fablica\u201d.<\/p>\n<p>A decis\u00e3o contemplou ainda o pedido do Minist\u00e9rio P\u00fablico para extra\u00e7\u00e3o de c\u00f3pias dos autos e posterior envio \u00e0 DEPOL, visando \u00e0 continua\u00e7\u00e3o da investiga\u00e7\u00e3o em rela\u00e7\u00e3o aos acusados J.A.S., \u00a0J.J. S. B., E.D.R.J., J.R.O.S. e C.E.V.S., para apurar eventual participa\u00e7\u00e3o dos demais envolvidos neste e em outros crimes, inclusive contra o Estatuto do Torcedor. Tamb\u00e9m por esse motivo,\u00a0manteve as medidas cautelares anteriormente decretadas contra os investigados.<\/p>\n<p>Fonte: TJMG<\/p>\n","protected":false},"excerpt":{"rendered":"<p>Em decis\u00e3o publicada no \u00faltimo dia 26 de outubro pelo 1\u00ba Tribunal do J\u00fari de Belo Horizonte, o juiz sumariante Marcelo Fioravante acatou a den\u00fancia do Minist\u00e9rio P\u00fablico, oferecida contra cinco torcedores da Galoucura, acusados de tentativa de homic\u00eddio contra um torcedor do Cruzeiro, no dia 3 de mar\u00e7o de 2018. Na mesma decis\u00e3o, o [&hellip;]<\/p>\n","protected":false},"author":96,"featured_media":125400,"comment_status":"closed","ping_status":"closed","sticky":false,"template":"","format":"standard","meta":{"footnotes":""},"categories":[302,436,252,439],"tags":[],"class_list":["post-125399","post","type-post","status-publish","format-standard","has-post-thumbnail","hentry","category-brasil-mundo","category-destaque-da-semana","category-regiao","category-ultima-hora"],"_links":{"self":[{"href":"https:\/\/diarioregionaldigital.com.br\/index.php?rest_route=\/wp\/v2\/posts\/125399","targetHints":{"allow":["GET"]}}],"collection":[{"href":"https:\/\/diarioregionaldigital.com.br\/index.php?rest_route=\/wp\/v2\/posts"}],"about":[{"href":"https:\/\/diarioregionaldigital.com.br\/index.php?rest_route=\/wp\/v2\/types\/post"}],"author":[{"embeddable":true,"href":"https:\/\/diarioregionaldigital.com.br\/index.php?rest_route=\/wp\/v2\/users\/96"}],"replies":[{"embeddable":true,"href":"https:\/\/diarioregionaldigital.com.br\/index.php?rest_route=%2Fwp%2Fv2%2Fcomments&post=125399"}],"version-history":[{"count":0,"href":"https:\/\/diarioregionaldigital.com.br\/index.php?rest_route=\/wp\/v2\/posts\/125399\/revisions"}],"wp:featuredmedia":[{"embeddable":true,"href":"https:\/\/diarioregionaldigital.com.br\/index.php?rest_route=\/wp\/v2\/media\/125400"}],"wp:attachment":[{"href":"https:\/\/diarioregionaldigital.com.br\/index.php?rest_route=%2Fwp%2Fv2%2Fmedia&parent=125399"}],"wp:term":[{"taxonomy":"category","embeddable":true,"href":"https:\/\/diarioregionaldigital.com.br\/index.php?rest_route=%2Fwp%2Fv2%2Fcategories&post=125399"},{"taxonomy":"post_tag","embeddable":true,"href":"https:\/\/diarioregionaldigital.com.br\/index.php?rest_route=%2Fwp%2Fv2%2Ftags&post=125399"}],"curies":[{"name":"wp","href":"https:\/\/api.w.org\/{rel}","templated":true}]}}