{"id":125396,"date":"2018-11-10T12:46:26","date_gmt":"2018-11-10T14:46:26","guid":{"rendered":"https:\/\/diarioregionaldigital.com.br\/?p=125396"},"modified":"2018-11-10T12:46:26","modified_gmt":"2018-11-10T14:46:26","slug":"brasil-intensifica-presenca-no-e-commerce-da-china","status":"publish","type":"post","link":"https:\/\/diarioregionaldigital.com.br\/?p=125396","title":{"rendered":"Brasil intensifica presen\u00e7a no e-commerce da China"},"content":{"rendered":"<p>Para refor\u00e7ar as rela\u00e7\u00f5es comerciais entre Brasil e China, a Ag\u00eancia Brasileira de Promo\u00e7\u00e3o de Exporta\u00e7\u00f5es e Investimentos (Apex) firmou v\u00e1rios acordos com empresas de e-commerce chinesas nessa sexta-feira, 9.\u00a0Ao inserir as empresas brasileiras, os acordos aproximam os produtos fabricados no Brasil ao pa\u00eds que\u00a0det\u00e9m metade do mercado de com\u00e9rcio eletr\u00f4nico do mundo.<\/p>\n<p>Al\u00e9m de\u00a0ser um dos maiores investidores no Brasil de energia, minera\u00e7\u00e3o e siderurgia,\u00a0a China \u00e9 o principal parceiro comercial do Pa\u00eds desde 2009. Em 2015, o Brasil arrecadou US$ 35,6 bilh\u00f5es com as vendas para o pa\u00eds asi\u00e1tico.<\/p>\n<p><span class=\"discreet\">Fonte:\u00a0Apex\u00a0e\u00a0Itamaraty<\/span><\/p>\n","protected":false},"excerpt":{"rendered":"<p>Para refor\u00e7ar as rela\u00e7\u00f5es comerciais entre Brasil e China, a Ag\u00eancia Brasileira de Promo\u00e7\u00e3o de Exporta\u00e7\u00f5es e Investimentos (Apex) firmou v\u00e1rios acordos com empresas de e-commerce chinesas nessa sexta-feira, 9.\u00a0Ao inserir as empresas brasileiras, os acordos aproximam os produtos fabricados no Brasil ao pa\u00eds que\u00a0det\u00e9m metade do mercado de com\u00e9rcio eletr\u00f4nico do mundo. Al\u00e9m de\u00a0ser [&hellip;]<\/p>\n","protected":false},"author":96,"featured_media":125397,"comment_status":"closed","ping_status":"closed","sticky":false,"template":"","format":"standard","meta":{"footnotes":""},"categories":[302,436,439],"tags":[],"class_list":["post-125396","post","type-post","status-publish","format-standard","has-post-thumbnail","hentry","category-brasil-mundo","category-destaque-da-semana","category-ultima-hora"],"_links":{"self":[{"href":"https:\/\/diarioregionaldigital.com.br\/index.php?rest_route=\/wp\/v2\/posts\/125396","targetHints":{"allow":["GET"]}}],"collection":[{"href":"https:\/\/diarioregionaldigital.com.br\/index.php?rest_route=\/wp\/v2\/posts"}],"about":[{"href":"https:\/\/diarioregionaldigital.com.br\/index.php?rest_route=\/wp\/v2\/types\/post"}],"author":[{"embeddable":true,"href":"https:\/\/diarioregionaldigital.com.br\/index.php?rest_route=\/wp\/v2\/users\/96"}],"replies":[{"embeddable":true,"href":"https:\/\/diarioregionaldigital.com.br\/index.php?rest_route=%2Fwp%2Fv2%2Fcomments&post=125396"}],"version-history":[{"count":0,"href":"https:\/\/diarioregionaldigital.com.br\/index.php?rest_route=\/wp\/v2\/posts\/125396\/revisions"}],"wp:featuredmedia":[{"embeddable":true,"href":"https:\/\/diarioregionaldigital.com.br\/index.php?rest_route=\/wp\/v2\/media\/125397"}],"wp:attachment":[{"href":"https:\/\/diarioregionaldigital.com.br\/index.php?rest_route=%2Fwp%2Fv2%2Fmedia&parent=125396"}],"wp:term":[{"taxonomy":"category","embeddable":true,"href":"https:\/\/diarioregionaldigital.com.br\/index.php?rest_route=%2Fwp%2Fv2%2Fcategories&post=125396"},{"taxonomy":"post_tag","embeddable":true,"href":"https:\/\/diarioregionaldigital.com.br\/index.php?rest_route=%2Fwp%2Fv2%2Ftags&post=125396"}],"curies":[{"name":"wp","href":"https:\/\/api.w.org\/{rel}","templated":true}]}}