{"id":125394,"date":"2018-11-10T12:42:32","date_gmt":"2018-11-10T14:42:32","guid":{"rendered":"https:\/\/diarioregionaldigital.com.br\/?p=125394"},"modified":"2018-11-10T12:42:32","modified_gmt":"2018-11-10T14:42:32","slug":"taxista-e-encontrado-morto-com-sinais-de-violencia-em-muriae","status":"publish","type":"post","link":"https:\/\/diarioregionaldigital.com.br\/?p=125394","title":{"rendered":"Taxista \u00e9 encontrado morto com sinais de viol\u00eancia em Muria\u00e9"},"content":{"rendered":"<div class=\"detalhe-texto\">O corpo de um taxista de 31 anos foi encontrado na zona rural de Muria\u00e9, na tarde desta sexta-feira, 9. Segundo as informa\u00e7\u00f5es da Pol\u00edcia Militar o\u00a0motorista foi visto por volta das 18h30 desta quinta-feira saindo do ponto de t\u00e1xi do Terminal Rodovi\u00e1rio para atender uma corrida e o ve\u00edculo foi localizado na manh\u00e3 de hoje pela Pol\u00edcia Civil abandonado no distrito de Macuco.\u00a0A v\u00edtima apresentava ferimentos pelo corpo.<\/p>\n<p>Ainda segundo a pol\u00edcia, a v\u00edtima estava amarrada por cabos e foram encontrados sinais de viol\u00eancia feitos por pedradas e facadas. A suspeita da pol\u00edcia \u00e9 de latroc\u00ednio, pois parte dos pertences do profissional foi subtra\u00edda.<\/p>\n<p>Tr\u00eas suspeitos, todos adultos, foram presos pela Pol\u00edcia Civil e conduzidos para a Delegacia de Pol\u00edcia para demais provid\u00eancias. Um dos detidos possui diversas passagens e tinha sido preso recentemente por tr\u00e1fico de drogas.\u00a0O caso segue em investiga\u00e7\u00e3o.<\/p><\/div>\n<p>&nbsp;<\/p>\n<p>Fonte: O Vigilante Online com informa\u00e7\u00f5es do portal\u00a0Guia Muria\u00e9<\/p>\n","protected":false},"excerpt":{"rendered":"<p>O corpo de um taxista de 31 anos foi encontrado na zona rural de Muria\u00e9, na tarde desta sexta-feira, 9. Segundo as informa\u00e7\u00f5es da Pol\u00edcia Militar o\u00a0motorista foi visto por volta das 18h30 desta quinta-feira saindo do ponto de t\u00e1xi do Terminal Rodovi\u00e1rio para atender uma corrida e o ve\u00edculo foi localizado na manh\u00e3 de [&hellip;]<\/p>\n","protected":false},"author":96,"featured_media":95105,"comment_status":"closed","ping_status":"closed","sticky":false,"template":"","format":"standard","meta":{"footnotes":""},"categories":[436,252,439],"tags":[],"class_list":["post-125394","post","type-post","status-publish","format-standard","has-post-thumbnail","hentry","category-destaque-da-semana","category-regiao","category-ultima-hora"],"_links":{"self":[{"href":"https:\/\/diarioregionaldigital.com.br\/index.php?rest_route=\/wp\/v2\/posts\/125394","targetHints":{"allow":["GET"]}}],"collection":[{"href":"https:\/\/diarioregionaldigital.com.br\/index.php?rest_route=\/wp\/v2\/posts"}],"about":[{"href":"https:\/\/diarioregionaldigital.com.br\/index.php?rest_route=\/wp\/v2\/types\/post"}],"author":[{"embeddable":true,"href":"https:\/\/diarioregionaldigital.com.br\/index.php?rest_route=\/wp\/v2\/users\/96"}],"replies":[{"embeddable":true,"href":"https:\/\/diarioregionaldigital.com.br\/index.php?rest_route=%2Fwp%2Fv2%2Fcomments&post=125394"}],"version-history":[{"count":0,"href":"https:\/\/diarioregionaldigital.com.br\/index.php?rest_route=\/wp\/v2\/posts\/125394\/revisions"}],"wp:featuredmedia":[{"embeddable":true,"href":"https:\/\/diarioregionaldigital.com.br\/index.php?rest_route=\/wp\/v2\/media\/95105"}],"wp:attachment":[{"href":"https:\/\/diarioregionaldigital.com.br\/index.php?rest_route=%2Fwp%2Fv2%2Fmedia&parent=125394"}],"wp:term":[{"taxonomy":"category","embeddable":true,"href":"https:\/\/diarioregionaldigital.com.br\/index.php?rest_route=%2Fwp%2Fv2%2Fcategories&post=125394"},{"taxonomy":"post_tag","embeddable":true,"href":"https:\/\/diarioregionaldigital.com.br\/index.php?rest_route=%2Fwp%2Fv2%2Ftags&post=125394"}],"curies":[{"name":"wp","href":"https:\/\/api.w.org\/{rel}","templated":true}]}}