{"id":125391,"date":"2018-11-10T12:37:51","date_gmt":"2018-11-10T14:37:51","guid":{"rendered":"https:\/\/diarioregionaldigital.com.br\/?p=125391"},"modified":"2018-11-10T12:37:51","modified_gmt":"2018-11-10T14:37:51","slug":"joesley-e-suspeito-de-ter-praticado-obstrucao-de-justica","status":"publish","type":"post","link":"https:\/\/diarioregionaldigital.com.br\/?p=125391","title":{"rendered":"Joesley \u00e9 suspeito de ter praticado obstru\u00e7\u00e3o de justi\u00e7a"},"content":{"rendered":"<p>O empres\u00e1rio Joesley Batista foi novamente preso por suspeita de\u00a0ter\u00a0praticado obstru\u00e7\u00e3o de justi\u00e7a. A informa\u00e7\u00e3o \u00e9 da Pol\u00edcia Federal de Belo Horizonte, respons\u00e1vel pelas investiga\u00e7\u00f5es de um esquema de corrup\u00e7\u00e3o que envolveria a C\u00e2mara dos Deputados, o Minist\u00e9rio da Agricultura e a JBS, grupo do qual Joesley \u00e9 um dos donos. O Tribunal Regional Federal (TRF1) da 1\u00ba Regi\u00e3o, que expediu os mandados, classificou como provis\u00f3ria a pris\u00e3o de Joesley.<\/p>\n<p>A mesma acusa\u00e7\u00e3o atinge os ex-executivos do grupo\u00a0Ricardo Saud, que j\u00e1 esteve detido, e Demilton Antonio de Castro, ambos delatores na Lava Jato.\u00a0Joesley est\u00e1 detido na\u00a0Superintend\u00eancia da Pol\u00edcia Federal (PF) em S\u00e3o Paulo e j\u00e1 prestou depoimento no dia de\u00a0hoje.<\/p>\n<p>Segundo a PF, o grupo teria prejudicado a instru\u00e7\u00e3o criminal, ao tentar &#8220;desviar a linha de apura\u00e7\u00e3o adequada ao correto esclarecimentos dos fatos.&#8221;\u00a0\u201cEles omitiram informa\u00e7\u00f5es de que as empresas teriam ocultado e destru\u00eddo parte do material probat\u00f3rio. H\u00e1 inclusive ind\u00edcios de que foram destru\u00eddas provas no gabinete de um lobista. Outras provas foram escondidas. Ao omitir essas informa\u00e7\u00f5es, eles prejudicaram a qualidade da colabora\u00e7\u00e3o\u201d, afirmou em entrevista coletiva o delegado M\u00e1rio Veloso.<\/p>\n<p>A defesa do empres\u00e1rio contesta a pris\u00e3o, promete recorrer\u00a0e afirma que ele cumpre rigorosamente o acordo de colabora\u00e7\u00e3o &#8211; sob exame do Supremo Tribunal Federal (STF) desde setembro de 2017, quando a Procuradoria-Geral da Rep\u00fablica (PGR)\u00a0pediu a anula\u00e7\u00e3o, por fraude, da dela\u00e7\u00e3o premiada dos irm\u00e3os Batista.<\/p>\n<p>De acordo com a PF, o grupo empresarial teria manipulado atos, normatiza\u00e7\u00f5es e licenciamentos do Minist\u00e9rio da Agricultura, \u00e0 custa de pagamentos de propinas a\u00a0funcion\u00e1rios do alto escal\u00e3o do minist\u00e9rio. Foi preso ainda, em regime tempor\u00e1rio, o ex-ministro da Agricultura (2013-2014)\u00a0e o atual vice-governador de Minas Gerais,\u00a0Ant\u00f4nio Eust\u00e1quio Andrade Ferreira (MDB). O sucessor dele no minist\u00e9rio at\u00e9 o in\u00edcio de 2015, Neri Geller (PP),\u00a0hoje\u00a0deputado federal eleito pelo Mato Grosso,\u00a0tamb\u00e9m foi detido.<\/p>\n<p>Conforme\u00a0a PF, o esquema il\u00edcito garantiu\u00a0&#8220;a elimina\u00e7\u00e3o da concorr\u00eancia e de entraves \u00e0 atividade econ\u00f4mica, possibilitando a constitui\u00e7\u00e3o de um monop\u00f3lio de mercado&#8221;.\u00a0Os\u00a0atos de of\u00edcio praticados pelos servidores federais referem-se \u00e0 regulamenta\u00e7\u00e3o da exporta\u00e7\u00e3o de despojos, proibi\u00e7\u00e3o do uso da ivermectina de longa dura\u00e7\u00e3o (verm\u00edfugo); e\u00a0 federaliza\u00e7\u00e3o das inspe\u00e7\u00f5es de frigor\u00edficos.<\/p>\n<p>Teria havido tamb\u00e9m, por parte do grupo de Joesley, o financiamento ilegal de campanha de Eduardo Cunha (MDB-RJ), alvo de mais um\u00a0mandado de pris\u00e3o,\u00a0para a Presid\u00eancia da C\u00e2mara dos Deputados, em 2014. Ele teria sido benefici\u00e1rio de R$ 30 milh\u00f5es, em troca do atendimento dos\u00a0interesses corporativos. Desse total, R$ 15 milh\u00f5es teriam como suposto destino a bancada mineira do MDB, ap\u00f3s a lavagem do dinheiro por escrit\u00f3rios de advocacia.<\/p>\n<p>A\u00a0Opera\u00e7\u00e3o Capitu foi montada com base na dela\u00e7\u00e3o premiada do doleiro L\u00facio Funaro, identificado como parceiro de Cunha e operador do MDB. Segundo a PF, os alvos de investiga\u00e7\u00e3o\u00a0dever\u00e3o ser indiciados pelos crimes de constitui\u00e7\u00e3o e participa\u00e7\u00e3o em organiza\u00e7\u00e3o criminosa, obstru\u00e7\u00e3o de justi\u00e7a, corrup\u00e7\u00e3o ativa, corrup\u00e7\u00e3o passiva e lavagem de dinheiro, dentre outros.<\/p>\n<p>Outros mandados de pris\u00e3o tempor\u00e1ria expedidos foram contra o\u00a0deputado estadual Jo\u00e3o L\u00facio Magalh\u00e3es Bifano (MDB),\u00a0Marcelo Pires Pinheiro e Fernando Manuel Pires Pinheiro,\u00a0Ildeu da Cunha Pereira; Mateus de Moura Lima Gomes; Mauro Luiz Rodrigues de Souza Ara\u00fajo; Jos\u00e9 Francisco Franco da Silva Oliveira; Cl\u00e1udio Soares Donato; Odo Ad\u00e3o Filho; Waldir Rocha Pena; Walter Santana Arantes; Joesley Mendon\u00e7a Batista; Rodrigo Jos\u00e9 Pereira Leite Figueiredo; Ricardo Saud; Demilton Antonio de Castro e Florisvaldo Caetano de Oliveira.<\/p>\n<p>Al\u00e9m de 19 mandados de pris\u00e3o, o TRF1 ainda autorizou 63 mandados de busca e apreens\u00e3o. Cerca de 310 policiais federais participaram da opera\u00e7\u00e3o nos estados de Minas Gerais, S\u00e3o Paulo, do Rio\u00a0de Janeiro, de Mato Grosso, da Para\u00edba e no Distrito Federal.<\/p>\n<h2>Defesas<\/h2>\n<p>Em nota, a defesa de Ant\u00f4nio Andrade informa que se manifestar\u00e1 assim que tomar conhecimento do inqu\u00e9rito. &#8220;Durante o depoimento, Ant\u00f4nio Andrade respondeu [a] tudo o que lhe foi perguntado e colaborou com o trabalho da Pol\u00edcia Federal\u201d, diz a nota divulgada pelos defensores do vice-governador de Minas Gerais.<\/p>\n<p>Em comunicado, a J&amp;F, grupo dono da JBS, diz que a opera\u00e7\u00e3o ocorreu &#8220;gra\u00e7as \u00e0 colabora\u00e7\u00e3o dos seus executivos&#8221;. &#8220;Em maio de 2017, eles levaram mais de dez anexos ao conhecimento das autoridades com os fatos relativos ao Minist\u00e9rio da Agricultura. Portanto, causa um imenso estranhamento e consequentemente inseguran\u00e7a jur\u00eddica que esses executivos estejam hoje sendo presos pelos fatos que eles mesmos levaram ao conhecimento da Justi\u00e7a&#8221;.<\/p>\n<p>A defesa de Florisvaldo Caetano de Oliveira disse ter ficado supresa com as alega\u00e7\u00f5es de omiss\u00f5es feita pela pol\u00edcia. &#8220;Todas as informa\u00e7\u00f5es das quais tinha conhecimento foram levadas por ele ao conhecimento da Justi\u00e7a. Sem as quais n\u00e3o existiria a presente opera\u00e7\u00e3o.&#8221;<\/p>\n<p>Para a defesa de Demilton de Castro, a pris\u00e3o dele \u00e9 &#8220;um patente descumprimento de decis\u00e3o do Supremo Tribunal Federal&#8221;. &#8220;A colabora\u00e7\u00e3o de Demilton foi homologada pela STF e nunca foi questionada. Ele inclusive j\u00e1 prestou tr\u00eas depoimentos sobre os temas abordados nessas investiga\u00e7\u00e3o&#8221;.<\/p>\n<p>J\u00e1 os advogados de Ricardo Saud afirmaram que a pris\u00e3o do ex-executivo &#8220;causa perplexidade, pois ele sempre esteve e permaneve \u00e0 disposi\u00e7\u00e3o da Justi\u00e7a, prestando depoimentos e entregando todos os documentos inclusive \u00e1udios necess\u00e1rios para corroborar suas declara\u00e7\u00f5es.&#8221;<\/p>\n<p>Fonte: Ag\u00eancia Brasil<\/p>\n","protected":false},"excerpt":{"rendered":"<p>O empres\u00e1rio Joesley Batista foi novamente preso por suspeita de\u00a0ter\u00a0praticado obstru\u00e7\u00e3o de justi\u00e7a. A informa\u00e7\u00e3o \u00e9 da Pol\u00edcia Federal de Belo Horizonte, respons\u00e1vel pelas investiga\u00e7\u00f5es de um esquema de corrup\u00e7\u00e3o que envolveria a C\u00e2mara dos Deputados, o Minist\u00e9rio da Agricultura e a JBS, grupo do qual Joesley \u00e9 um dos donos. O Tribunal Regional Federal [&hellip;]<\/p>\n","protected":false},"author":96,"featured_media":125392,"comment_status":"closed","ping_status":"closed","sticky":false,"template":"","format":"standard","meta":{"footnotes":""},"categories":[436,254,439],"tags":[],"class_list":["post-125391","post","type-post","status-publish","format-standard","has-post-thumbnail","hentry","category-destaque-da-semana","category-politica","category-ultima-hora"],"_links":{"self":[{"href":"https:\/\/diarioregionaldigital.com.br\/index.php?rest_route=\/wp\/v2\/posts\/125391","targetHints":{"allow":["GET"]}}],"collection":[{"href":"https:\/\/diarioregionaldigital.com.br\/index.php?rest_route=\/wp\/v2\/posts"}],"about":[{"href":"https:\/\/diarioregionaldigital.com.br\/index.php?rest_route=\/wp\/v2\/types\/post"}],"author":[{"embeddable":true,"href":"https:\/\/diarioregionaldigital.com.br\/index.php?rest_route=\/wp\/v2\/users\/96"}],"replies":[{"embeddable":true,"href":"https:\/\/diarioregionaldigital.com.br\/index.php?rest_route=%2Fwp%2Fv2%2Fcomments&post=125391"}],"version-history":[{"count":0,"href":"https:\/\/diarioregionaldigital.com.br\/index.php?rest_route=\/wp\/v2\/posts\/125391\/revisions"}],"wp:featuredmedia":[{"embeddable":true,"href":"https:\/\/diarioregionaldigital.com.br\/index.php?rest_route=\/wp\/v2\/media\/125392"}],"wp:attachment":[{"href":"https:\/\/diarioregionaldigital.com.br\/index.php?rest_route=%2Fwp%2Fv2%2Fmedia&parent=125391"}],"wp:term":[{"taxonomy":"category","embeddable":true,"href":"https:\/\/diarioregionaldigital.com.br\/index.php?rest_route=%2Fwp%2Fv2%2Fcategories&post=125391"},{"taxonomy":"post_tag","embeddable":true,"href":"https:\/\/diarioregionaldigital.com.br\/index.php?rest_route=%2Fwp%2Fv2%2Ftags&post=125391"}],"curies":[{"name":"wp","href":"https:\/\/api.w.org\/{rel}","templated":true}]}}