{"id":125388,"date":"2018-11-10T12:33:19","date_gmt":"2018-11-10T14:33:19","guid":{"rendered":"https:\/\/diarioregionaldigital.com.br\/?p=125388"},"modified":"2018-11-10T12:33:19","modified_gmt":"2018-11-10T14:33:19","slug":"industria-nacional-mantem-trajetoria-positiva-e-deve-fechar-ano-em-alta","status":"publish","type":"post","link":"https:\/\/diarioregionaldigital.com.br\/?p=125388","title":{"rendered":"Ind\u00fastria nacional mant\u00e9m trajet\u00f3ria positiva e deve fechar ano em alta"},"content":{"rendered":"<div class=\"\">\n<div id=\"content\">\n<article>\n<div id=\"content-core\">\n<div id=\"parent-fieldname-text\" class=\"\">\n<div>\n<p>m recupera\u00e7\u00e3o desde o ano passado, ap\u00f3s tr\u00eas anos seguidos de retra\u00e7\u00e3o, a ind\u00fastria nacional vem confirmando sua trajet\u00f3ria de crescimento. Em setembro, a produ\u00e7\u00e3o industrial avan\u00e7ou 2,7% no acumulado dos \u00faltimos 12 meses. Foram treze meses seguidos de alta na ind\u00fastria nacional, nessa mesma base de compara\u00e7\u00e3o.<\/p>\n<p>Dados do Instituto Brasileiro de Geografia e Estat\u00edstica (IBGE) mostram que esse crescimento foi disseminado, tamb\u00e9m, entre os estados brasileiros e no conjunto de ramos industriais que operam no Pa\u00eds. No acumulado de 12 meses at\u00e9 setembro, houve crescimento da atividade industrial em 11 dos 15 locais pesquisados pelo \u00f3rg\u00e3o \u2013 com destaque para a produ\u00e7\u00e3o no Par\u00e1 (+10,2%) e Amazonas (+8,1%).<\/p>\n<p>Nesse per\u00edodo, apenas tr\u00eas estados registraram resultados negativos \u2013 Minas Gerais, Esp\u00edrito Santo e Goi\u00e1s \u2013, enquanto a produ\u00e7\u00e3o registrada na Bahia ficou neutra.<\/p>\n<p>Em termos de ramos industriais, a produ\u00e7\u00e3o ficou positiva em 21 dos 26 ramos pesquisados nos \u00faltimos 12 meses at\u00e9 setembro, com destaque para a ind\u00fastria automotiva, com avan\u00e7o de 1,42% no per\u00edodo.<\/p>\n<h3>Queda mensal<\/h3>\n<p>Apesar do resultado positivo na compara\u00e7\u00e3o dos \u00faltimos 12 meses, a ind\u00fastria registrou uma leve retra\u00e7\u00e3o na passagem de agosto para setembro. De acordo com a Confedera\u00e7\u00e3o Nacional da Ind\u00fastria (CNI), no entanto, a queda n\u00e3o afeta a trajet\u00f3ria de recupera\u00e7\u00e3o do setor, j\u00e1 que o faturamento das empresas continua positivo.<\/p>\n<p>\u201cO faturamento \u00e9 a \u00fanica das vari\u00e1veis pesquisadas que mostra tend\u00eancia de recupera\u00e7\u00e3o. Apesar da queda do m\u00eas, o faturamento aumenta seja na compara\u00e7\u00e3o com o mesmo m\u00eas de 2017, seja na compara\u00e7\u00e3o com dezembro do mesmo ano\u201d, afirma a entidade, em relat\u00f3rio divulgado no in\u00edcio do m\u00eas.\u00a0No levantamento realizado pela CNI, o faturamento industrial cresceu 4,6% nos \u00faltimos 12 meses, com leve alta nos \u00edndices de emprego no mesmo per\u00edodo.<\/p>\n<h3>Expectativa<\/h3>\n<p>Afetada pela greve dos caminhoneiros, em maio, que imp\u00f4s uma queda de 6,4% naquele m\u00eas ao setor, a estimativa dos especialistas \u00e9 de que a recupera\u00e7\u00e3o da ind\u00fastria se confirme neste ano.<\/p>\n<p>Ap\u00f3s crescer 2,5% em 2017, a expectativa dos analistas consultados pelo Banco Central \u00e9 que a ind\u00fastria nacional encerre o ano com avan\u00e7o de 2,22%, pr\u00f3ximo ao registrado no ano passado.<\/p>\n<p><span class=\"discreet\">Fonte: Governo do Brasil, com informa\u00e7\u00f5es do\u00a0IBGE,\u00a0Banco Central\u00a0e\u00a0CNI<\/span><\/p>\n<\/div>\n<\/div>\n<\/div>\n<\/article>\n<\/div>\n<\/div>\n","protected":false},"excerpt":{"rendered":"<p>m recupera\u00e7\u00e3o desde o ano passado, ap\u00f3s tr\u00eas anos seguidos de retra\u00e7\u00e3o, a ind\u00fastria nacional vem confirmando sua trajet\u00f3ria de crescimento. Em setembro, a produ\u00e7\u00e3o industrial avan\u00e7ou 2,7% no acumulado dos \u00faltimos 12 meses. Foram treze meses seguidos de alta na ind\u00fastria nacional, nessa mesma base de compara\u00e7\u00e3o. Dados do Instituto Brasileiro de Geografia e [&hellip;]<\/p>\n","protected":false},"author":96,"featured_media":125389,"comment_status":"closed","ping_status":"closed","sticky":false,"template":"","format":"standard","meta":{"footnotes":""},"categories":[436,261,439],"tags":[],"class_list":["post-125388","post","type-post","status-publish","format-standard","has-post-thumbnail","hentry","category-destaque-da-semana","category-economia","category-ultima-hora"],"_links":{"self":[{"href":"https:\/\/diarioregionaldigital.com.br\/index.php?rest_route=\/wp\/v2\/posts\/125388","targetHints":{"allow":["GET"]}}],"collection":[{"href":"https:\/\/diarioregionaldigital.com.br\/index.php?rest_route=\/wp\/v2\/posts"}],"about":[{"href":"https:\/\/diarioregionaldigital.com.br\/index.php?rest_route=\/wp\/v2\/types\/post"}],"author":[{"embeddable":true,"href":"https:\/\/diarioregionaldigital.com.br\/index.php?rest_route=\/wp\/v2\/users\/96"}],"replies":[{"embeddable":true,"href":"https:\/\/diarioregionaldigital.com.br\/index.php?rest_route=%2Fwp%2Fv2%2Fcomments&post=125388"}],"version-history":[{"count":0,"href":"https:\/\/diarioregionaldigital.com.br\/index.php?rest_route=\/wp\/v2\/posts\/125388\/revisions"}],"wp:featuredmedia":[{"embeddable":true,"href":"https:\/\/diarioregionaldigital.com.br\/index.php?rest_route=\/wp\/v2\/media\/125389"}],"wp:attachment":[{"href":"https:\/\/diarioregionaldigital.com.br\/index.php?rest_route=%2Fwp%2Fv2%2Fmedia&parent=125388"}],"wp:term":[{"taxonomy":"category","embeddable":true,"href":"https:\/\/diarioregionaldigital.com.br\/index.php?rest_route=%2Fwp%2Fv2%2Fcategories&post=125388"},{"taxonomy":"post_tag","embeddable":true,"href":"https:\/\/diarioregionaldigital.com.br\/index.php?rest_route=%2Fwp%2Fv2%2Ftags&post=125388"}],"curies":[{"name":"wp","href":"https:\/\/api.w.org\/{rel}","templated":true}]}}