{"id":125386,"date":"2018-11-10T12:30:39","date_gmt":"2018-11-10T14:30:39","guid":{"rendered":"https:\/\/diarioregionaldigital.com.br\/?p=125386"},"modified":"2018-11-10T12:30:39","modified_gmt":"2018-11-10T14:30:39","slug":"dolar-encerra-a-semana-em-queda-de-006","status":"publish","type":"post","link":"https:\/\/diarioregionaldigital.com.br\/?p=125386","title":{"rendered":"D\u00f3lar encerra a semana em queda de 0,06%"},"content":{"rendered":"<p>A cota\u00e7\u00e3o da moeda norte-americana encerrou a semana em queda de 0,06%, valendo R$ 3,736 para venda. Depois de oscilar entre alta e baixa nos preg\u00f5es desta semana, o d\u00f3lar encerra com valoriza\u00e7\u00e3o acumulada de 1,13%, com a segunda alta semanal seguida.<\/p>\n<p>O Banco Central tamb\u00e9m fechou o \u00faltimo preg\u00e3o da semana mantendo os\u00a0<em>swaps\u00a0<\/em>cambiais tradicionais, sem ofertas extraordin\u00e1rias de venda futura da moeda.<\/p>\n<p>O Ibovespa, \u00edndice da B3, fechou o preg\u00e3o de hoje em alta de 0,02%, com 85.641 pontos. As a\u00e7\u00f5es das principais empresas mantiveram a mesma tend\u00eancia de alta, com Petrobras encerrando a semana valorizada em 0,32%, Itau com alta de 1,16%, Bradesco com valoriza\u00e7\u00e3o de 1,48%. J\u00e1 os pap\u00e9is da Vale fecharam a semana em queda de 4,05%.<\/p>\n<p>Fonte: Ag\u00eancia Brasil<\/p>\n","protected":false},"excerpt":{"rendered":"<p>A cota\u00e7\u00e3o da moeda norte-americana encerrou a semana em queda de 0,06%, valendo R$ 3,736 para venda. Depois de oscilar entre alta e baixa nos preg\u00f5es desta semana, o d\u00f3lar encerra com valoriza\u00e7\u00e3o acumulada de 1,13%, com a segunda alta semanal seguida. O Banco Central tamb\u00e9m fechou o \u00faltimo preg\u00e3o da semana mantendo os\u00a0swaps\u00a0cambiais tradicionais, [&hellip;]<\/p>\n","protected":false},"author":96,"featured_media":109748,"comment_status":"closed","ping_status":"closed","sticky":false,"template":"","format":"standard","meta":{"footnotes":""},"categories":[436,261,439],"tags":[],"class_list":["post-125386","post","type-post","status-publish","format-standard","has-post-thumbnail","hentry","category-destaque-da-semana","category-economia","category-ultima-hora"],"_links":{"self":[{"href":"https:\/\/diarioregionaldigital.com.br\/index.php?rest_route=\/wp\/v2\/posts\/125386","targetHints":{"allow":["GET"]}}],"collection":[{"href":"https:\/\/diarioregionaldigital.com.br\/index.php?rest_route=\/wp\/v2\/posts"}],"about":[{"href":"https:\/\/diarioregionaldigital.com.br\/index.php?rest_route=\/wp\/v2\/types\/post"}],"author":[{"embeddable":true,"href":"https:\/\/diarioregionaldigital.com.br\/index.php?rest_route=\/wp\/v2\/users\/96"}],"replies":[{"embeddable":true,"href":"https:\/\/diarioregionaldigital.com.br\/index.php?rest_route=%2Fwp%2Fv2%2Fcomments&post=125386"}],"version-history":[{"count":0,"href":"https:\/\/diarioregionaldigital.com.br\/index.php?rest_route=\/wp\/v2\/posts\/125386\/revisions"}],"wp:featuredmedia":[{"embeddable":true,"href":"https:\/\/diarioregionaldigital.com.br\/index.php?rest_route=\/wp\/v2\/media\/109748"}],"wp:attachment":[{"href":"https:\/\/diarioregionaldigital.com.br\/index.php?rest_route=%2Fwp%2Fv2%2Fmedia&parent=125386"}],"wp:term":[{"taxonomy":"category","embeddable":true,"href":"https:\/\/diarioregionaldigital.com.br\/index.php?rest_route=%2Fwp%2Fv2%2Fcategories&post=125386"},{"taxonomy":"post_tag","embeddable":true,"href":"https:\/\/diarioregionaldigital.com.br\/index.php?rest_route=%2Fwp%2Fv2%2Ftags&post=125386"}],"curies":[{"name":"wp","href":"https:\/\/api.w.org\/{rel}","templated":true}]}}