{"id":125383,"date":"2018-11-10T12:18:12","date_gmt":"2018-11-10T14:18:12","guid":{"rendered":"https:\/\/diarioregionaldigital.com.br\/?p=125383"},"modified":"2018-11-10T12:18:12","modified_gmt":"2018-11-10T14:18:12","slug":"cnj-quer-explicacoes-de-juiz-e-desembargadores-sobre-hc-de-lula","status":"publish","type":"post","link":"https:\/\/diarioregionaldigital.com.br\/?p=125383","title":{"rendered":"CNJ quer explica\u00e7\u00f5es de juiz e desembargadores sobre HC de Lula"},"content":{"rendered":"<p>O corregedor nacional de Justi\u00e7a, ministro Humberto Martins, vai ouvir no pr\u00f3ximo dia 6 de dezembro o juiz federal e os tr\u00eas desembargadores do Tribunal Regional Federal da 4\u00aa Regi\u00e3o (TRF-4) envolvidos na\u00a0concess\u00e3o\u00a0e posterior\u00a0revoga\u00e7\u00e3o\u00a0do\u00a0<em>habeas corpus<\/em>\u00a0ao ex-presidente Luiz In\u00e1cio Lula da Silva, em julho.<\/p>\n<p>O epis\u00f3dio gerou uma s\u00e9rie de decis\u00f5es contr\u00e1rias em horas, ao provocar incertezas sobre a soltura do ex-presidente. Ser\u00e3o ouvidos, em audi\u00eancias separadas e no mesmo dia, o juiz federal S\u00e9rgio Moro e os desembargadores Rog\u00e9rio Favreto, Jo\u00e3o Pedro Gebran Neto e Thompson Flores Lenz.<\/p>\n<p>As representa\u00e7\u00f5es recebidas pelo CNJ contra os magistrados foram apensadas em um \u00fanico Pedido de Provid\u00eancias. Todos j\u00e1 apresentaram suas vers\u00f5es sobre o epis\u00f3dio, mas agora ter\u00e3o de responder a perguntas da Corregedoria do CNJ. O juiz federal Sergio Moro tamb\u00e9m teve de prestar esclarecimentos. O caso est\u00e1 em segredo de Justi\u00e7a.<\/p>\n<h2>Impasse<\/h2>\n<p>Fraveto, em julho, sob o argumento de ter como fato novo, a pr\u00e9-candidatura de Lula \u00e0 Presid\u00eancia da Rep\u00fablica, concedeu o habeas corpus \u2013 soltar o ex-presidente, detido em Curitiba desde abril.<\/p>\n<p>Por\u00e9m, o\u00a0juiz Sergio Moro\u00a0deu uma decis\u00e3o para que a Pol\u00edcia Federal n\u00e3o libertasse Lula at\u00e9 uma defini\u00e7\u00e3o do TRF-4.<\/p>\n<p>Gebran, relator da Lava Jato no TRF-4, determinou que a\u00a0decis\u00e3o n\u00e3o fosse cumprida.<\/p>\n<p>Ap\u00f3s idas e vindas, o presidente do TRF-4, Thompson Flores, manteve a deten\u00e7\u00e3o do ex-presidente. O fato provocou v\u00e1rios questionamentos no CNJ enolvendo, sobretudo, Favreto e Moro.<\/p>\n<p>Fonte: Ag\u00eancia Brasil<\/p>\n","protected":false},"excerpt":{"rendered":"<p>O corregedor nacional de Justi\u00e7a, ministro Humberto Martins, vai ouvir no pr\u00f3ximo dia 6 de dezembro o juiz federal e os tr\u00eas desembargadores do Tribunal Regional Federal da 4\u00aa Regi\u00e3o (TRF-4) envolvidos na\u00a0concess\u00e3o\u00a0e posterior\u00a0revoga\u00e7\u00e3o\u00a0do\u00a0habeas corpus\u00a0ao ex-presidente Luiz In\u00e1cio Lula da Silva, em julho. O epis\u00f3dio gerou uma s\u00e9rie de decis\u00f5es contr\u00e1rias em horas, ao provocar [&hellip;]<\/p>\n","protected":false},"author":96,"featured_media":125384,"comment_status":"closed","ping_status":"closed","sticky":false,"template":"","format":"standard","meta":{"footnotes":""},"categories":[436,254,439],"tags":[],"class_list":["post-125383","post","type-post","status-publish","format-standard","has-post-thumbnail","hentry","category-destaque-da-semana","category-politica","category-ultima-hora"],"_links":{"self":[{"href":"https:\/\/diarioregionaldigital.com.br\/index.php?rest_route=\/wp\/v2\/posts\/125383","targetHints":{"allow":["GET"]}}],"collection":[{"href":"https:\/\/diarioregionaldigital.com.br\/index.php?rest_route=\/wp\/v2\/posts"}],"about":[{"href":"https:\/\/diarioregionaldigital.com.br\/index.php?rest_route=\/wp\/v2\/types\/post"}],"author":[{"embeddable":true,"href":"https:\/\/diarioregionaldigital.com.br\/index.php?rest_route=\/wp\/v2\/users\/96"}],"replies":[{"embeddable":true,"href":"https:\/\/diarioregionaldigital.com.br\/index.php?rest_route=%2Fwp%2Fv2%2Fcomments&post=125383"}],"version-history":[{"count":0,"href":"https:\/\/diarioregionaldigital.com.br\/index.php?rest_route=\/wp\/v2\/posts\/125383\/revisions"}],"wp:featuredmedia":[{"embeddable":true,"href":"https:\/\/diarioregionaldigital.com.br\/index.php?rest_route=\/wp\/v2\/media\/125384"}],"wp:attachment":[{"href":"https:\/\/diarioregionaldigital.com.br\/index.php?rest_route=%2Fwp%2Fv2%2Fmedia&parent=125383"}],"wp:term":[{"taxonomy":"category","embeddable":true,"href":"https:\/\/diarioregionaldigital.com.br\/index.php?rest_route=%2Fwp%2Fv2%2Fcategories&post=125383"},{"taxonomy":"post_tag","embeddable":true,"href":"https:\/\/diarioregionaldigital.com.br\/index.php?rest_route=%2Fwp%2Fv2%2Ftags&post=125383"}],"curies":[{"name":"wp","href":"https:\/\/api.w.org\/{rel}","templated":true}]}}