{"id":125377,"date":"2018-11-10T09:52:08","date_gmt":"2018-11-10T11:52:08","guid":{"rendered":"https:\/\/diarioregionaldigital.com.br\/?p=125377"},"modified":"2018-11-10T09:52:08","modified_gmt":"2018-11-10T11:52:08","slug":"patrocinio-da-unimed-viabiliza-corredor-cultural-2018","status":"publish","type":"post","link":"https:\/\/diarioregionaldigital.com.br\/?p=125377","title":{"rendered":"Patroc\u00ednio da Unimed viabiliza \u201cCorredor Cultural 2018\u201d"},"content":{"rendered":"<p>A Prefeitura de Juiz de Fora (PJF) anunciou nesta sexta-feira, 9, em entrevista coletiva \u00e0 imprensa, que o \u201cCorredor Cultural 2018\u201d ser\u00e1 realizado nos dias 14, 15 e 16 de dezembro, com mais de cem atra\u00e7\u00f5es em diversas regi\u00f5es da cidade. A d\u00e9cima edi\u00e7\u00e3o da maratona cultural foi viabilizada por meio de parceria com a Unimed Juiz de Fora, que atendeu ao \u201cEdital de Chamamento P\u00fablico para Capta\u00e7\u00e3o de Patroc\u00ednio\u201d, lan\u00e7ado pela Funda\u00e7\u00e3o Cultural \u201cAlfredo Ferreira Lage\u201d (Funalfa).<\/p>\n<p>O prefeito Ant\u00f4nio Almas destacou que, mais que garantir a continuidade de evento j\u00e1 consolidado no calend\u00e1rio cultural da cidade, o momento carrega significado especial, por ser a primeira parceria p\u00fablico-privada formalizada pelo munic\u00edpio na \u00e1rea de cultura. Ele elogiou o pioneirismo da Unimed Juiz de Fora, que se colocou como parceira consciente de seu papel social, sens\u00edvel para a import\u00e2ncia de investir na cultura local e capaz de entender o alcance desse investimento: \u201cEmpregar recursos em cultura \u00e9 investir em sa\u00fade p\u00fablica. Cultura \u00e9 sin\u00f4nimo de qualidade de vida, bem-estar, evita o adoecimento f\u00edsico, ps\u00edquico e social. Uma cidade que n\u00e3o se abre para o setor cultural estabelece uma patologia.&#8221;<\/p>\n<p>O presidente da Unimed Juiz de Fora, Hugo Borges, destacou a converg\u00eancia de interesses da Prefeitura e da cooperativa de m\u00e9dicos, que completa 45 anos de atua\u00e7\u00e3o na cidade e mant\u00e9m 1.500 cooperados: &#8220;Para a Unimed Juiz de Fora, a oportunidade de contribuir para realiza\u00e7\u00e3o do \u2018Corredor Cultural\u2019 refor\u00e7a o nosso compromisso de oferecer assist\u00eancia \u00e0 sa\u00fade diferenciada. Estamos muito felizes. Cuidar da vida \u00e9 arte, e, com esta parceria, praticamos dois princ\u00edpios b\u00e1sicos do cooperativismo: a intercoopera\u00e7\u00e3o e a preocupa\u00e7\u00e3o com a sociedade.\u201d<\/p>\n<p>Hugo Borges observou que a verba destinada ao &#8220;Corredor Cultural&#8221; n\u00e3o representa gasto extra para a Unimed, sendo, na pr\u00e1tica,destina\u00e7\u00e3o de recursos devidos em imposto para atividade local. Tanto Almas quanto Borges destacaram que esta \u00e9 a primeira de muitas parcerias entre as duas institui\u00e7\u00f5es. O prefeito afirmou aindater expectativa de que a iniciativa da Unimed encontre eco em outras empresas e pessoas jur\u00eddicas, de modo a aumentar a destina\u00e7\u00e3o do imposto de renda devido para os eventos culturais no munic\u00edpio: &#8220;Fazendo isso, o recurso que iria para o Governo Federal fica na pr\u00f3pria cidade, permitindo que todos usufruam diretamente de seus benef\u00edcios, e possam fiscalizar sua aplica\u00e7\u00e3o.&#8221;<\/p>\n<p>Presidente do Conselho Municipal de Cultura (Concult), Fernanda Cruzick manifestou a satisfa\u00e7\u00e3o da classe art\u00edstica com o novo modelo de incentivo \u00e0 arte na cidade. O superintendente da Funda\u00e7\u00e3o Cultural \u201cAlfredo Ferreira Lage\u201d (Funalfa), Zezinho Mancini, explicou que a programa\u00e7\u00e3o do \u201cCorredor Cultural\u201d est\u00e1 sendo finalizada e vai priorizar os eventos selecionados a partir do cadastro de propostas, lan\u00e7ado pela funda\u00e7\u00e3o no primeiro semestre: \u201cSer\u00e1 mantido o formato m\u00faltiplo e ecl\u00e9tico, que contemple as mais variadas express\u00f5es art\u00edsticas\u201d.<\/p>\n<p>Tradicionalmente, o &#8220;Corredor Cultural&#8221; acontece em maio, celebrando o anivers\u00e1rio de Juiz de Fora. Em 2018 o evento chegou a ser lan\u00e7ado, mas foi cancelado devido \u00e0s restri\u00e7\u00f5es causadas, na \u00e9poca, pela greve dos caminhoneiros. Reprogramado para setembro, esbarrou no agravamento da crise financeira, n\u00e3o havendo condi\u00e7\u00f5es para sua execu\u00e7\u00e3o apenas com recursos do tesouro municipal. \u201cO Edital de \u2018Chamamento de Patroc\u00ednio\u2019 foi, portanto, a alternativa para garantir a edi\u00e7\u00e3o deste ano. Por coincid\u00eancia feliz, a programa\u00e7\u00e3o marcar\u00e1 o anivers\u00e1rio da Funalfa, que completar\u00e1 40 anos em dezembro, al\u00e9m de homenagear o centen\u00e1rio do Pa\u00e7o Municipal, sede da funda\u00e7\u00e3o e um dos pr\u00e9dios mais emblem\u00e1ticos da arquitetura e da hist\u00f3ria de Juiz de Fora\u201d, afirmou Zezinho.<\/p>\n<p><em>Fonte: PJF<\/em><\/p>\n","protected":false},"excerpt":{"rendered":"<p>A Prefeitura de Juiz de Fora (PJF) anunciou nesta sexta-feira, 9, em entrevista coletiva \u00e0 imprensa, que o \u201cCorredor Cultural 2018\u201d ser\u00e1 realizado nos dias 14, 15 e 16 de dezembro, com mais de cem atra\u00e7\u00f5es em diversas regi\u00f5es da cidade. A d\u00e9cima edi\u00e7\u00e3o da maratona cultural foi viabilizada por meio de parceria com a [&hellip;]<\/p>\n","protected":false},"author":96,"featured_media":0,"comment_status":"closed","ping_status":"closed","sticky":false,"template":"","format":"standard","meta":{"footnotes":""},"categories":[256,439],"tags":[],"class_list":["post-125377","post","type-post","status-publish","format-standard","hentry","category-cultura","category-ultima-hora"],"_links":{"self":[{"href":"https:\/\/diarioregionaldigital.com.br\/index.php?rest_route=\/wp\/v2\/posts\/125377","targetHints":{"allow":["GET"]}}],"collection":[{"href":"https:\/\/diarioregionaldigital.com.br\/index.php?rest_route=\/wp\/v2\/posts"}],"about":[{"href":"https:\/\/diarioregionaldigital.com.br\/index.php?rest_route=\/wp\/v2\/types\/post"}],"author":[{"embeddable":true,"href":"https:\/\/diarioregionaldigital.com.br\/index.php?rest_route=\/wp\/v2\/users\/96"}],"replies":[{"embeddable":true,"href":"https:\/\/diarioregionaldigital.com.br\/index.php?rest_route=%2Fwp%2Fv2%2Fcomments&post=125377"}],"version-history":[{"count":0,"href":"https:\/\/diarioregionaldigital.com.br\/index.php?rest_route=\/wp\/v2\/posts\/125377\/revisions"}],"wp:attachment":[{"href":"https:\/\/diarioregionaldigital.com.br\/index.php?rest_route=%2Fwp%2Fv2%2Fmedia&parent=125377"}],"wp:term":[{"taxonomy":"category","embeddable":true,"href":"https:\/\/diarioregionaldigital.com.br\/index.php?rest_route=%2Fwp%2Fv2%2Fcategories&post=125377"},{"taxonomy":"post_tag","embeddable":true,"href":"https:\/\/diarioregionaldigital.com.br\/index.php?rest_route=%2Fwp%2Fv2%2Ftags&post=125377"}],"curies":[{"name":"wp","href":"https:\/\/api.w.org\/{rel}","templated":true}]}}