{"id":125374,"date":"2018-11-10T09:48:41","date_gmt":"2018-11-10T11:48:41","guid":{"rendered":"https:\/\/diarioregionaldigital.com.br\/?p=125374"},"modified":"2018-11-10T09:48:41","modified_gmt":"2018-11-10T11:48:41","slug":"exposicao-de-artes-visuais-e-literatura-no-ccbm-vai-ate-neste-domingo","status":"publish","type":"post","link":"https:\/\/diarioregionaldigital.com.br\/?p=125374","title":{"rendered":"Exposi\u00e7\u00e3o de artes visuais e literatura no CCBM vai at\u00e9 neste domingo"},"content":{"rendered":"<p>Termina neste domingo, 11, a exposi\u00e7\u00e3o de artes visuais e literatura da d\u00e9cima edi\u00e7\u00e3o da \u201cMostra Estudantil de Arte\u201d e da 14\u00aa \u201cMostra Professor Tamb\u00e9m Faz Arte\u201d, no Centro Cultural Bernardo Mascarenhas (CCBM), conferindo visibilidade ao trabalho art\u00edstico-pedag\u00f3gico. As obras expostas foram realizadas por professores com seus alunos em sala de aula, e h\u00e1 tamb\u00e9m trabalhos individuais.<\/p>\n<p>O evento \u00e9 realizado pela Secretaria de Educa\u00e7\u00e3o (SE) da Prefeitura de Juiz de Fora (PJF). As mostras de arte, iniciativa do Departamento de Planejamento Pedag\u00f3gico e de Forma\u00e7\u00e3o (DPPF), t\u00eam o objetivo de estimular e divulgar as produ\u00e7\u00f5es art\u00edsticas da rede municipal e incentivar interc\u00e2mbios culturais entre as escolas e a sociedade. J\u00e1 o projeto, que tem o objetivo de promover a\u00e7\u00f5es em prol da qualidade de vida dos profissionais de educa\u00e7\u00e3o do munic\u00edpio, \u00e9 de responsabilidade do Departamento de Planejamento, Pessoas e Informa\u00e7\u00e3o (DPPI).<\/p>\n<p>O CCBM fica na Avenida Get\u00falio Vargas, 200, Centro. E os interessados em participar do evento podem tirar d\u00favidas pelo telefone: 3690-7358.<\/p>\n","protected":false},"excerpt":{"rendered":"<p>Termina neste domingo, 11, a exposi\u00e7\u00e3o de artes visuais e literatura da d\u00e9cima edi\u00e7\u00e3o da \u201cMostra Estudantil de Arte\u201d e da 14\u00aa \u201cMostra Professor Tamb\u00e9m Faz Arte\u201d, no Centro Cultural Bernardo Mascarenhas (CCBM), conferindo visibilidade ao trabalho art\u00edstico-pedag\u00f3gico. As obras expostas foram realizadas por professores com seus alunos em sala de aula, e h\u00e1 tamb\u00e9m [&hellip;]<\/p>\n","protected":false},"author":96,"featured_media":0,"comment_status":"closed","ping_status":"closed","sticky":false,"template":"","format":"standard","meta":{"footnotes":""},"categories":[256,439],"tags":[],"class_list":["post-125374","post","type-post","status-publish","format-standard","hentry","category-cultura","category-ultima-hora"],"_links":{"self":[{"href":"https:\/\/diarioregionaldigital.com.br\/index.php?rest_route=\/wp\/v2\/posts\/125374","targetHints":{"allow":["GET"]}}],"collection":[{"href":"https:\/\/diarioregionaldigital.com.br\/index.php?rest_route=\/wp\/v2\/posts"}],"about":[{"href":"https:\/\/diarioregionaldigital.com.br\/index.php?rest_route=\/wp\/v2\/types\/post"}],"author":[{"embeddable":true,"href":"https:\/\/diarioregionaldigital.com.br\/index.php?rest_route=\/wp\/v2\/users\/96"}],"replies":[{"embeddable":true,"href":"https:\/\/diarioregionaldigital.com.br\/index.php?rest_route=%2Fwp%2Fv2%2Fcomments&post=125374"}],"version-history":[{"count":0,"href":"https:\/\/diarioregionaldigital.com.br\/index.php?rest_route=\/wp\/v2\/posts\/125374\/revisions"}],"wp:attachment":[{"href":"https:\/\/diarioregionaldigital.com.br\/index.php?rest_route=%2Fwp%2Fv2%2Fmedia&parent=125374"}],"wp:term":[{"taxonomy":"category","embeddable":true,"href":"https:\/\/diarioregionaldigital.com.br\/index.php?rest_route=%2Fwp%2Fv2%2Fcategories&post=125374"},{"taxonomy":"post_tag","embeddable":true,"href":"https:\/\/diarioregionaldigital.com.br\/index.php?rest_route=%2Fwp%2Fv2%2Ftags&post=125374"}],"curies":[{"name":"wp","href":"https:\/\/api.w.org\/{rel}","templated":true}]}}