{"id":125367,"date":"2018-11-10T09:26:02","date_gmt":"2018-11-10T11:26:02","guid":{"rendered":"https:\/\/diarioregionaldigital.com.br\/?p=125367"},"modified":"2018-11-10T09:26:02","modified_gmt":"2018-11-10T11:26:02","slug":"idoso-e-agredido-em-assalto-no-bairro-sao-mateus","status":"publish","type":"post","link":"https:\/\/diarioregionaldigital.com.br\/?p=125367","title":{"rendered":"Idoso \u00e9 agredido em assalto no bairro S\u00e3o Mateus"},"content":{"rendered":"<p>Nessa sexta-feira, 9, um idoso, de 76 anos, sofreu um assalto na Rua Candido Tostes, no bairro S\u00e3o Mateus, zona Sul de Juiz de Fora.<\/p>\n<p>Ele passava pelo local, \u00e0s 5h, quando um homem se aproximou e o imobilizou com um golpe popularmente conhecido como gravata.<\/p>\n<p>A v\u00edtima tentou reagir e, assim, o assaltante sacou uma arma e amea\u00e7ou o idoso, exigindo que ele entregasse o rel\u00f3gio que usava. Ap\u00f3s o crime, o autor fugiu e n\u00e3o foi localizado.<\/p>\n<p>Devido \u00e0s agress\u00f5es, o idoso sofreu les\u00f5es pelo corpo e foi atendido na Santa Casa de Miseric\u00f3rdia de Juiz de Fora. Ap\u00f3s passar por avalia\u00e7\u00e3o m\u00e9dica, ele foi liberado.<\/p>\n","protected":false},"excerpt":{"rendered":"<p>Nessa sexta-feira, 9, um idoso, de 76 anos, sofreu um assalto na Rua Candido Tostes, no bairro S\u00e3o Mateus, zona Sul de Juiz de Fora. Ele passava pelo local, \u00e0s 5h, quando um homem se aproximou e o imobilizou com um golpe popularmente conhecido como gravata. A v\u00edtima tentou reagir e, assim, o assaltante sacou [&hellip;]<\/p>\n","protected":false},"author":96,"featured_media":95836,"comment_status":"closed","ping_status":"closed","sticky":false,"template":"","format":"standard","meta":{"footnotes":""},"categories":[301],"tags":[],"class_list":["post-125367","post","type-post","status-publish","format-standard","has-post-thumbnail","hentry","category-artigos-policiais"],"_links":{"self":[{"href":"https:\/\/diarioregionaldigital.com.br\/index.php?rest_route=\/wp\/v2\/posts\/125367","targetHints":{"allow":["GET"]}}],"collection":[{"href":"https:\/\/diarioregionaldigital.com.br\/index.php?rest_route=\/wp\/v2\/posts"}],"about":[{"href":"https:\/\/diarioregionaldigital.com.br\/index.php?rest_route=\/wp\/v2\/types\/post"}],"author":[{"embeddable":true,"href":"https:\/\/diarioregionaldigital.com.br\/index.php?rest_route=\/wp\/v2\/users\/96"}],"replies":[{"embeddable":true,"href":"https:\/\/diarioregionaldigital.com.br\/index.php?rest_route=%2Fwp%2Fv2%2Fcomments&post=125367"}],"version-history":[{"count":0,"href":"https:\/\/diarioregionaldigital.com.br\/index.php?rest_route=\/wp\/v2\/posts\/125367\/revisions"}],"wp:featuredmedia":[{"embeddable":true,"href":"https:\/\/diarioregionaldigital.com.br\/index.php?rest_route=\/wp\/v2\/media\/95836"}],"wp:attachment":[{"href":"https:\/\/diarioregionaldigital.com.br\/index.php?rest_route=%2Fwp%2Fv2%2Fmedia&parent=125367"}],"wp:term":[{"taxonomy":"category","embeddable":true,"href":"https:\/\/diarioregionaldigital.com.br\/index.php?rest_route=%2Fwp%2Fv2%2Fcategories&post=125367"},{"taxonomy":"post_tag","embeddable":true,"href":"https:\/\/diarioregionaldigital.com.br\/index.php?rest_route=%2Fwp%2Fv2%2Ftags&post=125367"}],"curies":[{"name":"wp","href":"https:\/\/api.w.org\/{rel}","templated":true}]}}