{"id":125366,"date":"2018-11-10T09:18:52","date_gmt":"2018-11-10T11:18:52","guid":{"rendered":"https:\/\/diarioregionaldigital.com.br\/?p=125366"},"modified":"2018-11-10T09:18:52","modified_gmt":"2018-11-10T11:18:52","slug":"cnj-abre-processo-para-apurar-ida-de-moro-para-ministerio-de-bolsonaro","status":"publish","type":"post","link":"https:\/\/diarioregionaldigital.com.br\/?p=125366","title":{"rendered":"CNJ abre processo para apurar ida de Moro para minist\u00e9rio de Bolsonaro"},"content":{"rendered":"<p>O corregedor nacional de Justi\u00e7a, Humberto Martins, instaurou nesta sexta-feira, 9, um pedido de provid\u00eancias para que o juiz federal Sergio Moro esclare\u00e7a questionamentos feitos ao Conselho Nacional de Justi\u00e7a (CNJ) sobre sua suposta atividade pol\u00edtico-partid\u00e1ria enquanto ainda exercia a magistratura.<\/p>\n<p>As representa\u00e7\u00f5es foram feitas depois que Moro aceitou o convite para o cargo de ministro da Justi\u00e7a do presidente eleito Jair Bolsonaro. O juiz pediu f\u00e9rias e, antes de se exonerar da magistratura, passou a se reunir com a equipe de transi\u00e7\u00e3o do governo. Antes, ele se reuniu com Bolsonaro no Rio<span id=\"OBJ_PREFIX_DWT2872_com_zimbra_date\" role=\"link\">\u00a0de Janeiro<\/span>.<\/p>\n<p>Martins deu 15 dias para que Moro preste informa\u00e7\u00f5es, \u201cvisando a possibilitar uma melhor compreens\u00e3o dos fatos\u201d. Pela Lei Org\u00e2nica da Magistratura, magistrados n\u00e3o podem exercer atividade pol\u00edtico-partid\u00e1ria. Ao todo, foram feitos tr\u00eas questionamentos \u00e0 conduta de Moro, um por um cidad\u00e3o, outro pela Associa\u00e7\u00e3o Brasileira de Juristas pela Democracia e um terceiro pelo PT.<\/p>\n<p><strong><em>Habeas corpus<\/em>\u00a0de Lula<\/strong><\/p>\n<p>Em outra frente, o corregedor nacional de Justi\u00e7a marcou para\u00a0<span id=\"OBJ_PREFIX_DWT2873_com_zimbra_date\" role=\"link\">6 de dezembro<\/span>\u00a0a oitiva de Moro e dos desembargadores do Tribunal Regional Federal da 4\u00aa Regi\u00e3o (TRF4) Rog\u00e9rio Favreto, Jo\u00e3o Pedro Gebran Neto e Thompson Flores Lenz.<\/p>\n<p>Os quatro participaram de uma guerra de liminares, em julho, quando Favreto, de plant\u00e3o, concedeu um\u00a0<em>habeas corpus<\/em>\u00a0ao ex-presidente Luiz In\u00e1cio Lula da Silva, preso desde\u00a0<span id=\"OBJ_PREFIX_DWT2874_com_zimbra_date\" role=\"link\">7 de abril<\/span>\u00a0na Superintend\u00eancia da Pol\u00edcia Federal em Curitiba. Decis\u00f5es contr\u00e1rias de Moro, Gebran e Flores mantiveram Lula na cadeia.<\/p>\n<p>Martins ouvir\u00e1 pessoalmente e em separado cada um dos magistrados envolvidos no epis\u00f3dio e que respondem a uma representa\u00e7\u00e3o disciplinar. Embora o processo corra em segredo de Justi\u00e7a, a marca\u00e7\u00e3o das oitivas foi divulgada pelo CNJ.<\/p>\n<p><em>Fonte: Ag\u00eancia Brasil<\/em><\/p>\n","protected":false},"excerpt":{"rendered":"<p>O corregedor nacional de Justi\u00e7a, Humberto Martins, instaurou nesta sexta-feira, 9, um pedido de provid\u00eancias para que o juiz federal Sergio Moro esclare\u00e7a questionamentos feitos ao Conselho Nacional de Justi\u00e7a (CNJ) sobre sua suposta atividade pol\u00edtico-partid\u00e1ria enquanto ainda exercia a magistratura. As representa\u00e7\u00f5es foram feitas depois que Moro aceitou o convite para o cargo de [&hellip;]<\/p>\n","protected":false},"author":96,"featured_media":0,"comment_status":"closed","ping_status":"closed","sticky":false,"template":"","format":"standard","meta":{"footnotes":""},"categories":[254,439],"tags":[],"class_list":["post-125366","post","type-post","status-publish","format-standard","hentry","category-politica","category-ultima-hora"],"_links":{"self":[{"href":"https:\/\/diarioregionaldigital.com.br\/index.php?rest_route=\/wp\/v2\/posts\/125366","targetHints":{"allow":["GET"]}}],"collection":[{"href":"https:\/\/diarioregionaldigital.com.br\/index.php?rest_route=\/wp\/v2\/posts"}],"about":[{"href":"https:\/\/diarioregionaldigital.com.br\/index.php?rest_route=\/wp\/v2\/types\/post"}],"author":[{"embeddable":true,"href":"https:\/\/diarioregionaldigital.com.br\/index.php?rest_route=\/wp\/v2\/users\/96"}],"replies":[{"embeddable":true,"href":"https:\/\/diarioregionaldigital.com.br\/index.php?rest_route=%2Fwp%2Fv2%2Fcomments&post=125366"}],"version-history":[{"count":0,"href":"https:\/\/diarioregionaldigital.com.br\/index.php?rest_route=\/wp\/v2\/posts\/125366\/revisions"}],"wp:attachment":[{"href":"https:\/\/diarioregionaldigital.com.br\/index.php?rest_route=%2Fwp%2Fv2%2Fmedia&parent=125366"}],"wp:term":[{"taxonomy":"category","embeddable":true,"href":"https:\/\/diarioregionaldigital.com.br\/index.php?rest_route=%2Fwp%2Fv2%2Fcategories&post=125366"},{"taxonomy":"post_tag","embeddable":true,"href":"https:\/\/diarioregionaldigital.com.br\/index.php?rest_route=%2Fwp%2Fv2%2Ftags&post=125366"}],"curies":[{"name":"wp","href":"https:\/\/api.w.org\/{rel}","templated":true}]}}