{"id":125353,"date":"2018-11-10T08:54:42","date_gmt":"2018-11-10T10:54:42","guid":{"rendered":"https:\/\/diarioregionaldigital.com.br\/?p=125353"},"modified":"2018-11-10T08:54:42","modified_gmt":"2018-11-10T10:54:42","slug":"segundo-dia-de-provas-do-enem-acontece-neste-domingo","status":"publish","type":"post","link":"https:\/\/diarioregionaldigital.com.br\/?p=125353","title":{"rendered":"Segundo dia de provas do Enem acontece neste domingo"},"content":{"rendered":"<p>Os candidatos do\u00a0Exame Nacional do Ensino M\u00e9dio (Enem)\u00a0realizam neste domingo, 11, o segundo dia de prova em todo o pa\u00eds. O teste tem os conte\u00fados de Ci\u00eancias da Natureza e suas tecnologias e de Matem\u00e1tica e suas tecnologias.<\/p>\n<p>Para cada \u00e1rea do conhecimento, s\u00e3o 45 quest\u00f5es que devem ser respondidas durante cinco horas. A prova come\u00e7a \u00e0s 13:30hrs e termina \u00e0s 18:30hrs. Os port\u00f5es dos locais de prova abrem \u00e0s 12hrs. e fecham \u00e0s 13hrs. Os participantes devem levar um documento oficial com foto e \u00e9 aconselh\u00e1vel que estejam com o cart\u00e3o de confirma\u00e7\u00e3o da inscri\u00e7\u00e3o. \u00c9 preciso tamb\u00e9m estar com caneta esferogr\u00e1fica azul ou preta, fabricada em corpo transparente. A entrada com outros materiais, como borracha e l\u00e1pis, \u00e9 proibida.<\/p>\n<p>O Enem come\u00e7ou no \u00faltimo domingo, com os testes de Linguagens e Ci\u00eancias Humanas, al\u00e9m da Reda\u00e7\u00e3o, na qual os candidatos precisaram escrever sobre a \u201cManipula\u00e7\u00e3o do comportamento do usu\u00e1rio pelo controle de dados na internet\u201d. A nota do Enem pode ser usada por quem deseja receber o diploma do Ensino M\u00e9dio e, tamb\u00e9m, por quem quer ingressar no Ensino Superior.<\/p>\n<h3><b>UFJF<\/b><\/h3>\n<p>A Universidade Federal de Juiz de Fora (UFJF) usa o Enem como forma de sele\u00e7\u00e3o para os estudantes que querem ingressar na institui\u00e7\u00e3o. A inscri\u00e7\u00e3o deve ser feita pelo Sistema de Sele\u00e7\u00e3o Unificada (Sisu), ap\u00f3s a divulga\u00e7\u00e3o das notas. O sistema possui apenas uma etapa de sele\u00e7\u00e3o e para participar os candidatos n\u00e3o podem ter zerado a prova de reda\u00e7\u00e3o.<\/p>\n<p>No Sisu, o aluno pode escolher dois cursos \u2013 um como primeira op\u00e7\u00e3o e o outro como segunda. Al\u00e9m disso, \u00e9 preciso definir se ir\u00e1 concorrer \u00e0s vagas de ampla concorr\u00eancia ou \u00e0s destinadas aos grupos de acesso por cotas. Durante o per\u00edodo de inscri\u00e7\u00e3o no Sisu, \u00e9 permitido alterar as op\u00e7\u00f5es. Ao fim da etapa de inscri\u00e7\u00e3o, o sistema seleciona automaticamente os candidatos mais bem classificados em cada curso, de acordo com suas notas no Enem 2018. Ser\u00e3o considerados selecionados somente os candidatos classificados dentro do n\u00famero de vagas ofertadas pelo Sisu em cada curso, por modalidade de concorr\u00eancia.<\/p>\n<p>O resultado oficial dos gabaritos e dos cadernos de respostas ser\u00e1 divulgado na pr\u00f3xima quarta-feira, 14, no site do Enem. J\u00e1 as notas individuais ser\u00e3o publicadas no dia 18 de janeiro de 2019.<\/p>\n<p><em>Fonte: Assessoria<\/em><\/p>\n","protected":false},"excerpt":{"rendered":"<p>Os candidatos do\u00a0Exame Nacional do Ensino M\u00e9dio (Enem)\u00a0realizam neste domingo, 11, o segundo dia de prova em todo o pa\u00eds. O teste tem os conte\u00fados de Ci\u00eancias da Natureza e suas tecnologias e de Matem\u00e1tica e suas tecnologias. Para cada \u00e1rea do conhecimento, s\u00e3o 45 quest\u00f5es que devem ser respondidas durante cinco horas. A prova [&hellip;]<\/p>\n","protected":false},"author":96,"featured_media":0,"comment_status":"closed","ping_status":"closed","sticky":false,"template":"","format":"standard","meta":{"footnotes":""},"categories":[302,436,440,439],"tags":[],"class_list":["post-125353","post","type-post","status-publish","format-standard","hentry","category-brasil-mundo","category-destaque-da-semana","category-destaques-do-dia","category-ultima-hora"],"_links":{"self":[{"href":"https:\/\/diarioregionaldigital.com.br\/index.php?rest_route=\/wp\/v2\/posts\/125353","targetHints":{"allow":["GET"]}}],"collection":[{"href":"https:\/\/diarioregionaldigital.com.br\/index.php?rest_route=\/wp\/v2\/posts"}],"about":[{"href":"https:\/\/diarioregionaldigital.com.br\/index.php?rest_route=\/wp\/v2\/types\/post"}],"author":[{"embeddable":true,"href":"https:\/\/diarioregionaldigital.com.br\/index.php?rest_route=\/wp\/v2\/users\/96"}],"replies":[{"embeddable":true,"href":"https:\/\/diarioregionaldigital.com.br\/index.php?rest_route=%2Fwp%2Fv2%2Fcomments&post=125353"}],"version-history":[{"count":0,"href":"https:\/\/diarioregionaldigital.com.br\/index.php?rest_route=\/wp\/v2\/posts\/125353\/revisions"}],"wp:attachment":[{"href":"https:\/\/diarioregionaldigital.com.br\/index.php?rest_route=%2Fwp%2Fv2%2Fmedia&parent=125353"}],"wp:term":[{"taxonomy":"category","embeddable":true,"href":"https:\/\/diarioregionaldigital.com.br\/index.php?rest_route=%2Fwp%2Fv2%2Fcategories&post=125353"},{"taxonomy":"post_tag","embeddable":true,"href":"https:\/\/diarioregionaldigital.com.br\/index.php?rest_route=%2Fwp%2Fv2%2Ftags&post=125353"}],"curies":[{"name":"wp","href":"https:\/\/api.w.org\/{rel}","templated":true}]}}