{"id":125351,"date":"2018-11-10T08:55:40","date_gmt":"2018-11-10T10:55:40","guid":{"rendered":"https:\/\/diarioregionaldigital.com.br\/?p=125351"},"modified":"2018-11-10T08:55:40","modified_gmt":"2018-11-10T10:55:40","slug":"homem-e-assaltado-enquanto-trocava-pneu-de-carro-na-zona-sul","status":"publish","type":"post","link":"https:\/\/diarioregionaldigital.com.br\/?p=125351","title":{"rendered":"Homem \u00e9 assaltado enquanto trocava pneu de carro na zona Sul"},"content":{"rendered":"<p>Um homem, 42 anos, foi v\u00edtima de assalto na tarde dessa sexta-feira, 9, no bairro Guaru\u00e1, na zona Sul de Juiz de Fora.<\/p>\n<p>A v\u00edtima trocava o pneu do carro na Rua Anhanguera, pouco antes das 15h, quando foi abordada por um homem que, sem motivos, come\u00e7ou a agredir o propriet\u00e1rio do ve\u00edculo.<\/p>\n<p>Enquanto os dois estavam em luta corporal, uma mulher, comparsa do assaltante, entrou no carro e roubou R$60 em dinheiro.<\/p>\n<p>Em seguida, os dois fugiram e n\u00e3o foram encontrados pela Pol\u00edcia Militar<\/p>\n","protected":false},"excerpt":{"rendered":"<p>Um homem, 42 anos, foi v\u00edtima de assalto na tarde dessa sexta-feira, 9, no bairro Guaru\u00e1, na zona Sul de Juiz de Fora. A v\u00edtima trocava o pneu do carro na Rua Anhanguera, pouco antes das 15h, quando foi abordada por um homem que, sem motivos, come\u00e7ou a agredir o propriet\u00e1rio do ve\u00edculo. Enquanto os [&hellip;]<\/p>\n","protected":false},"author":96,"featured_media":95836,"comment_status":"closed","ping_status":"closed","sticky":false,"template":"","format":"standard","meta":{"footnotes":""},"categories":[301],"tags":[],"class_list":["post-125351","post","type-post","status-publish","format-standard","has-post-thumbnail","hentry","category-artigos-policiais"],"_links":{"self":[{"href":"https:\/\/diarioregionaldigital.com.br\/index.php?rest_route=\/wp\/v2\/posts\/125351","targetHints":{"allow":["GET"]}}],"collection":[{"href":"https:\/\/diarioregionaldigital.com.br\/index.php?rest_route=\/wp\/v2\/posts"}],"about":[{"href":"https:\/\/diarioregionaldigital.com.br\/index.php?rest_route=\/wp\/v2\/types\/post"}],"author":[{"embeddable":true,"href":"https:\/\/diarioregionaldigital.com.br\/index.php?rest_route=\/wp\/v2\/users\/96"}],"replies":[{"embeddable":true,"href":"https:\/\/diarioregionaldigital.com.br\/index.php?rest_route=%2Fwp%2Fv2%2Fcomments&post=125351"}],"version-history":[{"count":0,"href":"https:\/\/diarioregionaldigital.com.br\/index.php?rest_route=\/wp\/v2\/posts\/125351\/revisions"}],"wp:featuredmedia":[{"embeddable":true,"href":"https:\/\/diarioregionaldigital.com.br\/index.php?rest_route=\/wp\/v2\/media\/95836"}],"wp:attachment":[{"href":"https:\/\/diarioregionaldigital.com.br\/index.php?rest_route=%2Fwp%2Fv2%2Fmedia&parent=125351"}],"wp:term":[{"taxonomy":"category","embeddable":true,"href":"https:\/\/diarioregionaldigital.com.br\/index.php?rest_route=%2Fwp%2Fv2%2Fcategories&post=125351"},{"taxonomy":"post_tag","embeddable":true,"href":"https:\/\/diarioregionaldigital.com.br\/index.php?rest_route=%2Fwp%2Fv2%2Ftags&post=125351"}],"curies":[{"name":"wp","href":"https:\/\/api.w.org\/{rel}","templated":true}]}}