{"id":125347,"date":"2018-11-10T08:44:05","date_gmt":"2018-11-10T10:44:05","guid":{"rendered":"https:\/\/diarioregionaldigital.com.br\/?p=125347"},"modified":"2018-11-10T08:44:05","modified_gmt":"2018-11-10T10:44:05","slug":"idoso-tem-carro-roubado-na-avenida-olegario-maciel","status":"publish","type":"post","link":"https:\/\/diarioregionaldigital.com.br\/?p=125347","title":{"rendered":"Idoso tem carro roubado na Avenida Oleg\u00e1rio Maciel"},"content":{"rendered":"<p>Um ve\u00edculo foi roubado nessa sexta-feira, 9, no bairro Santa Helena, regi\u00e3o Central de Juiz de Fora. De acordo com o registro de ocorr\u00eancia feito pela Pol\u00edcia Militar, o propriet\u00e1rio, um idoso de 61 anos, estacionou o carro na Rua Oleg\u00e1rio Maciel, por volta de 13h30. Ao retornar, quase cinco horas depois, n\u00e3o mais encontrou o ve\u00edculo.<\/p>\n<p>A v\u00edtima n\u00e3o apresentou suspeitos e, at\u00e9 o momento, ningu\u00e9m foi preso pelo crime.<\/p>\n<p>O carro roubado \u00e9 preto e de ano 2010.<\/p>\n","protected":false},"excerpt":{"rendered":"<p>Um ve\u00edculo foi roubado nessa sexta-feira, 9, no bairro Santa Helena, regi\u00e3o Central de Juiz de Fora. De acordo com o registro de ocorr\u00eancia feito pela Pol\u00edcia Militar, o propriet\u00e1rio, um idoso de 61 anos, estacionou o carro na Rua Oleg\u00e1rio Maciel, por volta de 13h30. Ao retornar, quase cinco horas depois, n\u00e3o mais encontrou [&hellip;]<\/p>\n","protected":false},"author":96,"featured_media":95836,"comment_status":"closed","ping_status":"closed","sticky":false,"template":"","format":"standard","meta":{"footnotes":""},"categories":[301],"tags":[],"class_list":["post-125347","post","type-post","status-publish","format-standard","has-post-thumbnail","hentry","category-artigos-policiais"],"_links":{"self":[{"href":"https:\/\/diarioregionaldigital.com.br\/index.php?rest_route=\/wp\/v2\/posts\/125347","targetHints":{"allow":["GET"]}}],"collection":[{"href":"https:\/\/diarioregionaldigital.com.br\/index.php?rest_route=\/wp\/v2\/posts"}],"about":[{"href":"https:\/\/diarioregionaldigital.com.br\/index.php?rest_route=\/wp\/v2\/types\/post"}],"author":[{"embeddable":true,"href":"https:\/\/diarioregionaldigital.com.br\/index.php?rest_route=\/wp\/v2\/users\/96"}],"replies":[{"embeddable":true,"href":"https:\/\/diarioregionaldigital.com.br\/index.php?rest_route=%2Fwp%2Fv2%2Fcomments&post=125347"}],"version-history":[{"count":0,"href":"https:\/\/diarioregionaldigital.com.br\/index.php?rest_route=\/wp\/v2\/posts\/125347\/revisions"}],"wp:featuredmedia":[{"embeddable":true,"href":"https:\/\/diarioregionaldigital.com.br\/index.php?rest_route=\/wp\/v2\/media\/95836"}],"wp:attachment":[{"href":"https:\/\/diarioregionaldigital.com.br\/index.php?rest_route=%2Fwp%2Fv2%2Fmedia&parent=125347"}],"wp:term":[{"taxonomy":"category","embeddable":true,"href":"https:\/\/diarioregionaldigital.com.br\/index.php?rest_route=%2Fwp%2Fv2%2Fcategories&post=125347"},{"taxonomy":"post_tag","embeddable":true,"href":"https:\/\/diarioregionaldigital.com.br\/index.php?rest_route=%2Fwp%2Fv2%2Ftags&post=125347"}],"curies":[{"name":"wp","href":"https:\/\/api.w.org\/{rel}","templated":true}]}}