{"id":125330,"date":"2018-11-09T14:36:10","date_gmt":"2018-11-09T16:36:10","guid":{"rendered":"https:\/\/diarioregionaldigital.com.br\/?p=125330"},"modified":"2018-11-09T14:36:10","modified_gmt":"2018-11-09T16:36:10","slug":"bolsonaro-recebe-diplomatas-da-argentina-e-da-alemanha","status":"publish","type":"post","link":"https:\/\/diarioregionaldigital.com.br\/?p=125330","title":{"rendered":"Bolsonaro recebe diplomatas da Argentina e da Alemanha"},"content":{"rendered":"<p>O presidente eleito Jair Bolsonaro (PSL) recebeu hoje, 9, no Rio de Janeiro, a visita do embaixador da Argentina, Carlos Magari\u00f1os, acompanhado do c\u00f4nsul no Rio, Cl\u00e1udio Gutierrez.<\/p>\n<p>Bolsonaro tamb\u00e9m esteve com representantes da Embaixada da Alemanha.<\/p>\n<p>Argentina e Alemanha se somam a outras visitas diplom\u00e1ticas que o presidente eleito j\u00e1 recebeu.<\/p>\n<p>Nos \u00faltimos dias, estiveram com ele representantes dos governos dos Estados Unidos, It\u00e1lia, Espanha e China.<\/p>\n<p>&nbsp;<\/p>\n<p>Fonte: Ag\u00eancia Brasil<\/p>\n","protected":false},"excerpt":{"rendered":"<p>O presidente eleito Jair Bolsonaro (PSL) recebeu hoje, 9, no Rio de Janeiro, a visita do embaixador da Argentina, Carlos Magari\u00f1os, acompanhado do c\u00f4nsul no Rio, Cl\u00e1udio Gutierrez. Bolsonaro tamb\u00e9m esteve com representantes da Embaixada da Alemanha. Argentina e Alemanha se somam a outras visitas diplom\u00e1ticas que o presidente eleito j\u00e1 recebeu. Nos \u00faltimos dias, [&hellip;]<\/p>\n","protected":false},"author":96,"featured_media":125332,"comment_status":"closed","ping_status":"closed","sticky":false,"template":"","format":"standard","meta":{"footnotes":""},"categories":[436,254,439],"tags":[],"class_list":["post-125330","post","type-post","status-publish","format-standard","has-post-thumbnail","hentry","category-destaque-da-semana","category-politica","category-ultima-hora"],"_links":{"self":[{"href":"https:\/\/diarioregionaldigital.com.br\/index.php?rest_route=\/wp\/v2\/posts\/125330","targetHints":{"allow":["GET"]}}],"collection":[{"href":"https:\/\/diarioregionaldigital.com.br\/index.php?rest_route=\/wp\/v2\/posts"}],"about":[{"href":"https:\/\/diarioregionaldigital.com.br\/index.php?rest_route=\/wp\/v2\/types\/post"}],"author":[{"embeddable":true,"href":"https:\/\/diarioregionaldigital.com.br\/index.php?rest_route=\/wp\/v2\/users\/96"}],"replies":[{"embeddable":true,"href":"https:\/\/diarioregionaldigital.com.br\/index.php?rest_route=%2Fwp%2Fv2%2Fcomments&post=125330"}],"version-history":[{"count":0,"href":"https:\/\/diarioregionaldigital.com.br\/index.php?rest_route=\/wp\/v2\/posts\/125330\/revisions"}],"wp:featuredmedia":[{"embeddable":true,"href":"https:\/\/diarioregionaldigital.com.br\/index.php?rest_route=\/wp\/v2\/media\/125332"}],"wp:attachment":[{"href":"https:\/\/diarioregionaldigital.com.br\/index.php?rest_route=%2Fwp%2Fv2%2Fmedia&parent=125330"}],"wp:term":[{"taxonomy":"category","embeddable":true,"href":"https:\/\/diarioregionaldigital.com.br\/index.php?rest_route=%2Fwp%2Fv2%2Fcategories&post=125330"},{"taxonomy":"post_tag","embeddable":true,"href":"https:\/\/diarioregionaldigital.com.br\/index.php?rest_route=%2Fwp%2Fv2%2Ftags&post=125330"}],"curies":[{"name":"wp","href":"https:\/\/api.w.org\/{rel}","templated":true}]}}