{"id":125326,"date":"2018-11-09T14:23:11","date_gmt":"2018-11-09T16:23:11","guid":{"rendered":"https:\/\/diarioregionaldigital.com.br\/?p=125326"},"modified":"2018-11-10T09:03:31","modified_gmt":"2018-11-10T11:03:31","slug":"policia-militar-apoia-equipe-do-samu-em-assistencia-a-pessoa-com-surto-psicotico","status":"publish","type":"post","link":"https:\/\/diarioregionaldigital.com.br\/?p=125326","title":{"rendered":"Pol\u00edcia Militar apoia equipe do SAMU em assist\u00eancia \u00e0 pessoa com surto psic\u00f3tico"},"content":{"rendered":"<p>Pol\u00edcia Militar deslocou para o bairro Parque Guarani para dar apoio \u00e0 equipe do SAMU, tendo em vista que um cidad\u00e3o do sexo masculino e de grande complei\u00e7\u00e3o f\u00edsica encontrava-se em surto psic\u00f3tico, e de posse de uma arma branca (fac\u00e3o) amea\u00e7a a equipe m\u00e9dica, os policiais militares e os pr\u00f3prios membros da fam\u00edlia. Como o cidad\u00e3o se negava a receber atendimento m\u00e9dico e apesar das reiteradas tentativas de parlamenta\u00e7\u00e3o para que este soltasse a fac\u00e3o, n\u00e3o houve \u00eaxito por parte das equipes presentes, al\u00e9m do autor investir contra estas dando golpes de fac\u00e3o, vindo a lesionar os policiais militares presentes.<\/p>\n<p>Diante da situa\u00e7\u00e3o, foi necess\u00e1rio o emprego de for\u00e7a legal e proporcional para vencer a resist\u00eancia do autor, em que foi realizado disparo com muni\u00e7\u00e3o de elast\u00f4metro (bala de borracha) para garantir a integridade f\u00edsica dos policiais militares, dos atendentes do SAMU e tamb\u00e9m dos pr\u00f3prios familiares do autor, por\u00e9m tal muni\u00e7\u00e3o foi ineficiente para conter a a\u00e7\u00e3o perpetrada pelo autor, sendo com isso necess\u00e1ria a utiliza\u00e7\u00e3o do escalonamento de uso da for\u00e7a atrav\u00e9s de disparo de arma de fogo (pistola Imbel cal.40) para conter e neutralizar a a\u00e7\u00e3o do autor. Este foi atingido no p\u00e9 direito e joelho esquerdo, al\u00e9m do lado direito apresentar hematoma devido ao disparo de elast\u00f4mero no abd\u00f4men.<\/p>\n<p>Nesse contexto, ap\u00f3s a interven\u00e7\u00e3o dos policiais e conten\u00e7\u00e3o do autor, a equipe do SAMU entrou em a\u00e7\u00e3o juntamente com uma equipe da USA, realizando a estabiliza\u00e7\u00e3o no local e deslocando em seguida at\u00e9 o Hospital Pronto Socorro para o devido atendimento. O autor ficou internado na condi\u00e7\u00e3o de preso em flagrante por ter agredido os policiais militares e tentado agredir a equipe do SAMU e os pr\u00f3prios familiares. Os policiais militares receberam atendimento m\u00e9dico e liberados no Hospital.<\/p>\n<p>Fonte: Assessoria Pol\u00edcia Militar &#8211; 2\u00ba BPM<\/p>\n","protected":false},"excerpt":{"rendered":"<p>Pol\u00edcia Militar deslocou para o bairro Parque Guarani para dar apoio \u00e0 equipe do SAMU, tendo em vista que um cidad\u00e3o do sexo masculino e de grande complei\u00e7\u00e3o f\u00edsica encontrava-se em surto psic\u00f3tico, e de posse de uma arma branca (fac\u00e3o) amea\u00e7a a equipe m\u00e9dica, os policiais militares e os pr\u00f3prios membros da fam\u00edlia. Como [&hellip;]<\/p>\n","protected":false},"author":96,"featured_media":95836,"comment_status":"closed","ping_status":"closed","sticky":false,"template":"","format":"standard","meta":{"footnotes":""},"categories":[301,436,439],"tags":[],"class_list":["post-125326","post","type-post","status-publish","format-standard","has-post-thumbnail","hentry","category-artigos-policiais","category-destaque-da-semana","category-ultima-hora"],"_links":{"self":[{"href":"https:\/\/diarioregionaldigital.com.br\/index.php?rest_route=\/wp\/v2\/posts\/125326","targetHints":{"allow":["GET"]}}],"collection":[{"href":"https:\/\/diarioregionaldigital.com.br\/index.php?rest_route=\/wp\/v2\/posts"}],"about":[{"href":"https:\/\/diarioregionaldigital.com.br\/index.php?rest_route=\/wp\/v2\/types\/post"}],"author":[{"embeddable":true,"href":"https:\/\/diarioregionaldigital.com.br\/index.php?rest_route=\/wp\/v2\/users\/96"}],"replies":[{"embeddable":true,"href":"https:\/\/diarioregionaldigital.com.br\/index.php?rest_route=%2Fwp%2Fv2%2Fcomments&post=125326"}],"version-history":[{"count":0,"href":"https:\/\/diarioregionaldigital.com.br\/index.php?rest_route=\/wp\/v2\/posts\/125326\/revisions"}],"wp:featuredmedia":[{"embeddable":true,"href":"https:\/\/diarioregionaldigital.com.br\/index.php?rest_route=\/wp\/v2\/media\/95836"}],"wp:attachment":[{"href":"https:\/\/diarioregionaldigital.com.br\/index.php?rest_route=%2Fwp%2Fv2%2Fmedia&parent=125326"}],"wp:term":[{"taxonomy":"category","embeddable":true,"href":"https:\/\/diarioregionaldigital.com.br\/index.php?rest_route=%2Fwp%2Fv2%2Fcategories&post=125326"},{"taxonomy":"post_tag","embeddable":true,"href":"https:\/\/diarioregionaldigital.com.br\/index.php?rest_route=%2Fwp%2Fv2%2Ftags&post=125326"}],"curies":[{"name":"wp","href":"https:\/\/api.w.org\/{rel}","templated":true}]}}