{"id":125317,"date":"2018-11-09T13:07:46","date_gmt":"2018-11-09T15:07:46","guid":{"rendered":"https:\/\/diarioregionaldigital.com.br\/?p=125317"},"modified":"2018-11-09T13:07:46","modified_gmt":"2018-11-09T15:07:46","slug":"programa-abre-selecao-para-atletas-de-alto-rendimento","status":"publish","type":"post","link":"https:\/\/diarioregionaldigital.com.br\/?p=125317","title":{"rendered":"Programa abre sele\u00e7\u00e3o para atletas de alto rendimento"},"content":{"rendered":"<p>Criado h\u00e1 10 anos, o\u00a0Programa Atletas de Alto Rendimento (Paar)\u00a0do Minist\u00e9rio da Defesa vai selecionar esportistas durante o m\u00eas de novembro em diversas modalidades. Os selecionados recebem os benef\u00edcios das carreiras nas For\u00e7as Armadas, usam as\u00a0instala\u00e7\u00f5es esportivas militares\u00a0e representam o Brasil em competi\u00e7\u00f5es nacionais e internacionais.<\/p>\n<p>H\u00e1 vagas em diversas modalidades como atletismo, boxe, esgrima, futebol, hipismo, jud\u00f4, maratona aqu\u00e1tica, nata\u00e7\u00e3o, orienta\u00e7\u00e3o, paraquedismo, pentatlo militar, triathlon, v\u00f4lei de praia e voleibol. No\u00a0<a class=\"external-link\" title=\"\" href=\"http:\/\/www.cde.eb.mil.br\/processo-seletivo\" target=\"_blank\" rel=\"noopener\" data-tippreview-enabled=\"false\" data-tippreview-image=\"\" data-tippreview-title=\"\">Ex\u00e9rcito<\/a>, as inscri\u00e7\u00f5es\u00a0podem ser feitas de 19 a 30 de novembro. Para os da\u00a0<a class=\"external-link\" title=\"\" href=\"http:\/\/www4.fab.mil.br\/midias\/file\/GERAL\/AVICON_QSCON_ATLETAS_2019.pdf\" target=\"_blank\" rel=\"noopener\" data-tippreview-enabled=\"false\" data-tippreview-image=\"\" data-tippreview-title=\"\">For\u00e7a A\u00e9rea<\/a>, o cadastro ocorre at\u00e9 14 de novembro.<\/p>\n<p><span class=\"discreet\">Fonte:\u00a0<a class=\"external-link\" title=\"\" href=\"https:\/\/www.defesa.gov.br\/\" target=\"_blank\" rel=\"noopener\" data-tippreview-enabled=\"false\" data-tippreview-image=\"\" data-tippreview-title=\"\">Minist\u00e9rio da Defesa<\/a><\/span><\/p>\n","protected":false},"excerpt":{"rendered":"<p>Criado h\u00e1 10 anos, o\u00a0Programa Atletas de Alto Rendimento (Paar)\u00a0do Minist\u00e9rio da Defesa vai selecionar esportistas durante o m\u00eas de novembro em diversas modalidades. Os selecionados recebem os benef\u00edcios das carreiras nas For\u00e7as Armadas, usam as\u00a0instala\u00e7\u00f5es esportivas militares\u00a0e representam o Brasil em competi\u00e7\u00f5es nacionais e internacionais. H\u00e1 vagas em diversas modalidades como atletismo, boxe, esgrima, [&hellip;]<\/p>\n","protected":false},"author":96,"featured_media":125318,"comment_status":"closed","ping_status":"closed","sticky":false,"template":"","format":"standard","meta":{"footnotes":""},"categories":[436,257,439],"tags":[],"class_list":["post-125317","post","type-post","status-publish","format-standard","has-post-thumbnail","hentry","category-destaque-da-semana","category-esporte","category-ultima-hora"],"_links":{"self":[{"href":"https:\/\/diarioregionaldigital.com.br\/index.php?rest_route=\/wp\/v2\/posts\/125317","targetHints":{"allow":["GET"]}}],"collection":[{"href":"https:\/\/diarioregionaldigital.com.br\/index.php?rest_route=\/wp\/v2\/posts"}],"about":[{"href":"https:\/\/diarioregionaldigital.com.br\/index.php?rest_route=\/wp\/v2\/types\/post"}],"author":[{"embeddable":true,"href":"https:\/\/diarioregionaldigital.com.br\/index.php?rest_route=\/wp\/v2\/users\/96"}],"replies":[{"embeddable":true,"href":"https:\/\/diarioregionaldigital.com.br\/index.php?rest_route=%2Fwp%2Fv2%2Fcomments&post=125317"}],"version-history":[{"count":0,"href":"https:\/\/diarioregionaldigital.com.br\/index.php?rest_route=\/wp\/v2\/posts\/125317\/revisions"}],"wp:featuredmedia":[{"embeddable":true,"href":"https:\/\/diarioregionaldigital.com.br\/index.php?rest_route=\/wp\/v2\/media\/125318"}],"wp:attachment":[{"href":"https:\/\/diarioregionaldigital.com.br\/index.php?rest_route=%2Fwp%2Fv2%2Fmedia&parent=125317"}],"wp:term":[{"taxonomy":"category","embeddable":true,"href":"https:\/\/diarioregionaldigital.com.br\/index.php?rest_route=%2Fwp%2Fv2%2Fcategories&post=125317"},{"taxonomy":"post_tag","embeddable":true,"href":"https:\/\/diarioregionaldigital.com.br\/index.php?rest_route=%2Fwp%2Fv2%2Ftags&post=125317"}],"curies":[{"name":"wp","href":"https:\/\/api.w.org\/{rel}","templated":true}]}}