{"id":125311,"date":"2018-11-09T12:59:56","date_gmt":"2018-11-09T14:59:56","guid":{"rendered":"https:\/\/diarioregionaldigital.com.br\/?p=125311"},"modified":"2018-11-09T12:59:56","modified_gmt":"2018-11-09T14:59:56","slug":"producao-industrial-cresce-em-oito-dos-15-locais-pesquisados-pelo-ibge","status":"publish","type":"post","link":"https:\/\/diarioregionaldigital.com.br\/?p=125311","title":{"rendered":"Produ\u00e7\u00e3o industrial cresce em oito dos 15 locais pesquisados pelo IBGE"},"content":{"rendered":"<p>Apesar da queda nacional de 1,8%, a produ\u00e7\u00e3o industrial avan\u00e7ou,\u00a0de agosto para setembro, em oito dos sete locais pesquisados pelo Instituto Brasileiro de Geografia e Estat\u00edstica (IBGE). As principais altas foram observadas nos estados do Cear\u00e1 (3,7%) e Par\u00e1 (3,5%).<\/p>\n<p>Tamb\u00e9m tiveram alta os estados de Pernambuco (1,7%), Goi\u00e1s (1,4%), Rio Grande do Sul (1,3%), Rio de Janeiro (1,0%), Esp\u00edrito Santo (0,9%) e Mato Grosso (0,9%).<\/p>\n<p>Por outro lado, sete locais puxaram a queda da produ\u00e7\u00e3o nacional, em especial os estados do Amazonas (-5,2%) e S\u00e3o Paulo (-3,9%). Outros estados com queda foram Bahia (-3,3%), Paran\u00e1 (-3,1%), Minas Gerais (-1,9%) e Santa Catarina (-1,8%). A Regi\u00e3o Nordeste que tem sua produ\u00e7\u00e3o tamb\u00e9m calculada pelo IBGE recuou 1,9%.<\/p>\n<h2>Outras compara\u00e7\u00f5es<\/h2>\n<p>Na compara\u00e7\u00e3o com setembro de 2017, sete locais tiveram alta, sete tiveram queda e um apresentou estabilidade (Paran\u00e1). Os maiores crescimentos na produ\u00e7\u00e3o foram observados em Pernambuco (15,9%), Par\u00e1 (14,1%) e Rio Grande do Sul (12,4%). J\u00e1 a principal queda ficou com o Amazonas (-14,8%).<\/p>\n<p>No acumulado do ano, houve altas em 12 dos 15 locais pesquisados, com destaque para os estados do Par\u00e1 (9,8%), Amazonas (7,8%) e Pernambuco (7,1%). Os tr\u00eas locais em queda foram Goi\u00e1s (-3,6%), Esp\u00edrito Santo (-2,7%) e Minas Gerais (-1,6%).<\/p>\n<p>Por fim, no acumulado de 12 meses, 11 dos 15 locais pesquisados registraram taxas positivas, com destaque para o Par\u00e1 (10,2%) e Amazonas (8,1%). Tr\u00eas tiveram queda: Esp\u00edrito Santo (-2,5%), Minas Gerais (-1%) e Goi\u00e1s (-0,2%). A Bahia manteve estabilidade na produ\u00e7\u00e3o.<\/p>\n<p>Fonte: Ag\u00eancia Brasil<\/p>\n","protected":false},"excerpt":{"rendered":"<p>Apesar da queda nacional de 1,8%, a produ\u00e7\u00e3o industrial avan\u00e7ou,\u00a0de agosto para setembro, em oito dos sete locais pesquisados pelo Instituto Brasileiro de Geografia e Estat\u00edstica (IBGE). As principais altas foram observadas nos estados do Cear\u00e1 (3,7%) e Par\u00e1 (3,5%). Tamb\u00e9m tiveram alta os estados de Pernambuco (1,7%), Goi\u00e1s (1,4%), Rio Grande do Sul (1,3%), [&hellip;]<\/p>\n","protected":false},"author":96,"featured_media":125312,"comment_status":"closed","ping_status":"closed","sticky":false,"template":"","format":"standard","meta":{"footnotes":""},"categories":[436,261,439],"tags":[],"class_list":["post-125311","post","type-post","status-publish","format-standard","has-post-thumbnail","hentry","category-destaque-da-semana","category-economia","category-ultima-hora"],"_links":{"self":[{"href":"https:\/\/diarioregionaldigital.com.br\/index.php?rest_route=\/wp\/v2\/posts\/125311","targetHints":{"allow":["GET"]}}],"collection":[{"href":"https:\/\/diarioregionaldigital.com.br\/index.php?rest_route=\/wp\/v2\/posts"}],"about":[{"href":"https:\/\/diarioregionaldigital.com.br\/index.php?rest_route=\/wp\/v2\/types\/post"}],"author":[{"embeddable":true,"href":"https:\/\/diarioregionaldigital.com.br\/index.php?rest_route=\/wp\/v2\/users\/96"}],"replies":[{"embeddable":true,"href":"https:\/\/diarioregionaldigital.com.br\/index.php?rest_route=%2Fwp%2Fv2%2Fcomments&post=125311"}],"version-history":[{"count":0,"href":"https:\/\/diarioregionaldigital.com.br\/index.php?rest_route=\/wp\/v2\/posts\/125311\/revisions"}],"wp:featuredmedia":[{"embeddable":true,"href":"https:\/\/diarioregionaldigital.com.br\/index.php?rest_route=\/wp\/v2\/media\/125312"}],"wp:attachment":[{"href":"https:\/\/diarioregionaldigital.com.br\/index.php?rest_route=%2Fwp%2Fv2%2Fmedia&parent=125311"}],"wp:term":[{"taxonomy":"category","embeddable":true,"href":"https:\/\/diarioregionaldigital.com.br\/index.php?rest_route=%2Fwp%2Fv2%2Fcategories&post=125311"},{"taxonomy":"post_tag","embeddable":true,"href":"https:\/\/diarioregionaldigital.com.br\/index.php?rest_route=%2Fwp%2Fv2%2Ftags&post=125311"}],"curies":[{"name":"wp","href":"https:\/\/api.w.org\/{rel}","templated":true}]}}