{"id":125307,"date":"2018-11-09T12:53:04","date_gmt":"2018-11-09T14:53:04","guid":{"rendered":"https:\/\/diarioregionaldigital.com.br\/?p=125307"},"modified":"2018-11-09T12:54:18","modified_gmt":"2018-11-09T14:54:18","slug":"safra-de-graos-cresce-45-e-deve-fechar-em-2383-milhoes-de-toneladas","status":"publish","type":"post","link":"https:\/\/diarioregionaldigital.com.br\/?p=125307","title":{"rendered":"Safra de gr\u00e3os cresce 4,5% e deve fechar em 238,3 milh\u00f5es de toneladas"},"content":{"rendered":"<div class=\"\">\n<div id=\"content\">\n<article>\n<div id=\"content-core\">\n<div id=\"parent-fieldname-text\" class=\"\">\n<div>\n<p>Um dos principais motores da economia brasileira, a agricultura dever\u00e1 registrar um aumento de 4,5% na\u00a0safra 2018\/2019, em compara\u00e7\u00e3o com o per\u00edodo anterior. Previs\u00e3o da\u00a0Companha Nacional de Abastecimento (Conab) divulgada nesta quinta-feira, 8, aponta para a colheita de 238,3 milh\u00f5es de toneladas de gr\u00e3os.<\/p>\n<p>Segundo a avalia\u00e7\u00e3o da companhia, o clima tem colaborado e impulsionado principalmente as produ\u00e7\u00f5es de soja e de milho. No caso da soja, mais de 80% dela j\u00e1 foi plantada no Mato Grosso. Em 2017, nessa mesma \u00e9poca, esse \u00edndice era menor, estava em 40,5%.\u00a0Com esse cen\u00e1rio, a soja deve ficar com uma colheita entre 116,7 milh\u00f5es de toneladas e 119,3 milh\u00f5es.<\/p>\n<h3>Safra de milho<\/h3>\n<p><img decoding=\"async\" class=\"image-inline lazyloaded\" title=\"Os n\u00fameros da safra agr\u00edcola brasileira\" src=\"http:\/\/www.brasil.gov.br\/noticias\/economia-e-financas\/2018\/11\/2019-01.png\" alt=\"Os n\u00fameros da safra agr\u00edcola brasileira\" data-src=\"http:\/\/www.brasil.gov.br\/noticias\/economia-e-financas\/2018\/11\/2019-01.png\" \/><\/p>\n<p>Para o milho, as proje\u00e7\u00f5es tamb\u00e9m s\u00e3o positivas: algo entre 90 e 91 milh\u00f5es de toneladas. A lista de produtos segue com algod\u00e3o, com 2,3 milh\u00f5es de toneladas; arroz pode chegar a 11,8 milh\u00f5es de toneladas; feij\u00e3o deve ficar com 3,17 milh\u00f5es de toneladas; e o trigo pode alcan\u00e7ar 5,5 milh\u00f5es de toneladas.\u00a0\u201cAparentemente, teremos pelo terceiro ano consecutivo uma safra extraordin\u00e1ria no Brasil\u201d, afirmou o secret\u00e1rio substituto de Pol\u00edtica Agr\u00edcola do Minist\u00e9rio da Agricultura, Pecu\u00e1ria e Abastecimento,\u00a0S\u00e1vio Pereira.<\/p>\n<p>Com o desempenho, a receita bruta dos produtores rurais das lavouras de algod\u00e3o, arroz, feij\u00e3o, milho e soja deve ficar em R$ 228,2 bilh\u00f5es. Confirmada, a cifra ser\u00e1 37,3% maior que a da safra passada, quando o faturamento ficou em R$ 166,23 bilh\u00f5es. A Conab explicou que esse aumento foi influenciado pela alta da produ\u00e7\u00e3o e pela melhora do valor m\u00e9dio de alguns produtos.<\/p>\n<h3>IBGE<\/h3>\n<p>Al\u00e9m da Conab, o Instituto Brasileiro de Geografia e Estat\u00edstica (IBGE) tamb\u00e9m divulgou um levantamento de safra, mas como os dois \u00f3rg\u00e3os t\u00eam metodologias diferentes, os n\u00fameros s\u00e3o apenas aproximados. Pelos dados do instituto, a safra deve ficar em 227,2 milh\u00f5es de toneladas.<\/p>\n<p><span class=\"discreet\">Fonte: Governo do Brasil, com informa\u00e7\u00f5es da Conab, do Minist\u00e9rio da Agricultura e do IBGE<\/span><\/p>\n<\/div>\n<\/div>\n<\/div>\n<div class=\"visualClear\"><\/div>\n<div class=\"documentActions\"><\/div>\n<\/article>\n<\/div>\n<\/div>\n<div id=\"viewlet-below-content\"><\/div>\n","protected":false},"excerpt":{"rendered":"<p>Um dos principais motores da economia brasileira, a agricultura dever\u00e1 registrar um aumento de 4,5% na\u00a0safra 2018\/2019, em compara\u00e7\u00e3o com o per\u00edodo anterior. Previs\u00e3o da\u00a0Companha Nacional de Abastecimento (Conab) divulgada nesta quinta-feira, 8, aponta para a colheita de 238,3 milh\u00f5es de toneladas de gr\u00e3os. Segundo a avalia\u00e7\u00e3o da companhia, o clima tem colaborado e impulsionado [&hellip;]<\/p>\n","protected":false},"author":96,"featured_media":125308,"comment_status":"closed","ping_status":"closed","sticky":false,"template":"","format":"standard","meta":{"footnotes":""},"categories":[302,436,261,439],"tags":[],"class_list":["post-125307","post","type-post","status-publish","format-standard","has-post-thumbnail","hentry","category-brasil-mundo","category-destaque-da-semana","category-economia","category-ultima-hora"],"_links":{"self":[{"href":"https:\/\/diarioregionaldigital.com.br\/index.php?rest_route=\/wp\/v2\/posts\/125307","targetHints":{"allow":["GET"]}}],"collection":[{"href":"https:\/\/diarioregionaldigital.com.br\/index.php?rest_route=\/wp\/v2\/posts"}],"about":[{"href":"https:\/\/diarioregionaldigital.com.br\/index.php?rest_route=\/wp\/v2\/types\/post"}],"author":[{"embeddable":true,"href":"https:\/\/diarioregionaldigital.com.br\/index.php?rest_route=\/wp\/v2\/users\/96"}],"replies":[{"embeddable":true,"href":"https:\/\/diarioregionaldigital.com.br\/index.php?rest_route=%2Fwp%2Fv2%2Fcomments&post=125307"}],"version-history":[{"count":0,"href":"https:\/\/diarioregionaldigital.com.br\/index.php?rest_route=\/wp\/v2\/posts\/125307\/revisions"}],"wp:featuredmedia":[{"embeddable":true,"href":"https:\/\/diarioregionaldigital.com.br\/index.php?rest_route=\/wp\/v2\/media\/125308"}],"wp:attachment":[{"href":"https:\/\/diarioregionaldigital.com.br\/index.php?rest_route=%2Fwp%2Fv2%2Fmedia&parent=125307"}],"wp:term":[{"taxonomy":"category","embeddable":true,"href":"https:\/\/diarioregionaldigital.com.br\/index.php?rest_route=%2Fwp%2Fv2%2Fcategories&post=125307"},{"taxonomy":"post_tag","embeddable":true,"href":"https:\/\/diarioregionaldigital.com.br\/index.php?rest_route=%2Fwp%2Fv2%2Ftags&post=125307"}],"curies":[{"name":"wp","href":"https:\/\/api.w.org\/{rel}","templated":true}]}}