{"id":125297,"date":"2018-11-09T09:39:14","date_gmt":"2018-11-09T11:39:14","guid":{"rendered":"https:\/\/diarioregionaldigital.com.br\/?p=125297"},"modified":"2018-11-09T09:39:14","modified_gmt":"2018-11-09T11:39:14","slug":"pjf-abre-prazo-para-prova-de-titulos-e-experiencia-profissional","status":"publish","type":"post","link":"https:\/\/diarioregionaldigital.com.br\/?p=125297","title":{"rendered":"PJF abre prazo para prova de t\u00edtulos e experi\u00eancia profissional"},"content":{"rendered":"<p>A Prefeitura de Juiz de Fora (PJF) divulgou a convoca\u00e7\u00e3o para prova de t\u00edtulos e de experi\u00eancia profissional do concurso p\u00fablico aberto pelo edital n\u00ba 01\/2016. Poder\u00e3o participar os candidatos relacionados na listagem publicados, aprovados na etapa anterior. Conforme a convoca\u00e7\u00e3o, os candidatos j\u00e1 podem preencher o \u201cformul\u00e1rio de cadastro de t\u00edtulos e experi\u00eancia profissional\u201d no site da empresa organizadora\u00a0<a href=\"http:\/\/www.aocp.com.br\/\">www.aocp.com.br<\/a>, at\u00e9 as 23h59 da pr\u00f3xima quarta-feira, 14. A orienta\u00e7\u00e3o \u00e9 para que o candidato efetue o acesso ao link de cadastro, com anteced\u00eancia de at\u00e9 30 minutos do hor\u00e1rio de t\u00e9rmino, para que seja poss\u00edvel o total cadastramento dos documentos desejados.<\/p>\n<p>O candidato dever\u00e1 imprimir duas vias do comprovante de cadastro de t\u00edtulos e experi\u00eancia profissional, reter uma para si e enviar a segunda, com os documentos comprobat\u00f3rios dos t\u00edtulos e experi\u00eancia profissional relacionados no edital, via Sedex com AR (Aviso de Recebimento), ou carta simples, tamb\u00e9m com AR, at\u00e9 segunda-feira, 19, para o endere\u00e7o informado nas etiquetas que ser\u00e3o geradas, sendo observada a data de postagem.<\/p>\n<p>Os documentos tamb\u00e9m poder\u00e3o ser entregues, pessoalmente ou por terceiros, em envelope lacrado e devidamente identificado, das 8 \u00e0s 12 horas ou das 14 \u00e0s 18 horas, de segunda a sexta-feira, exceto feriados, a partir desta sexta-feira, 9, at\u00e9 segunda, 19, no posto de recebimento disponibilizado no Departamento de Aten\u00e7\u00e3o ao Cidad\u00e3o, na Avenida Bar\u00e3o do Rio Branco, 2.234, Centro.<\/p>\n<p>Todos os documentos dever\u00e3o ser cadastrados uma \u00fanica vez no formul\u00e1rio. No caso da exist\u00eancia de dois ou mais cadastros de um mesmo candidato, para o mesmo cargo, ser\u00e1 considerado somente o \u00faltimo realizado. A convoca\u00e7\u00e3o foi publicada no Di\u00e1rio Oficial Eletr\u00f4nico do Munic\u00edpio (Atos do Governo) desta quinta-feira, 8, e pode ser conferida no site\u00a0<a href=\"https:\/\/www.pjf.mg.gov.br\/e_atos\/e_atos_vis.php?id=64945\">www.pjf.mg.gov.br\/atos_do_governo<\/a>\u00a0ou no site da empresa organizadora,\u00a0<a href=\"http:\/\/aocp.com.br\/concurso.jsp?id=333\">www.aocp.com.br\/concurso<\/a>.<\/p>\n<p><em>Fonte: PJF<\/em><\/p>\n","protected":false},"excerpt":{"rendered":"<p>A Prefeitura de Juiz de Fora (PJF) divulgou a convoca\u00e7\u00e3o para prova de t\u00edtulos e de experi\u00eancia profissional do concurso p\u00fablico aberto pelo edital n\u00ba 01\/2016. Poder\u00e3o participar os candidatos relacionados na listagem publicados, aprovados na etapa anterior. Conforme a convoca\u00e7\u00e3o, os candidatos j\u00e1 podem preencher o \u201cformul\u00e1rio de cadastro de t\u00edtulos e experi\u00eancia profissional\u201d [&hellip;]<\/p>\n","protected":false},"author":96,"featured_media":0,"comment_status":"closed","ping_status":"closed","sticky":false,"template":"","format":"standard","meta":{"footnotes":""},"categories":[253,439],"tags":[],"class_list":["post-125297","post","type-post","status-publish","format-standard","hentry","category-cidade","category-ultima-hora"],"_links":{"self":[{"href":"https:\/\/diarioregionaldigital.com.br\/index.php?rest_route=\/wp\/v2\/posts\/125297","targetHints":{"allow":["GET"]}}],"collection":[{"href":"https:\/\/diarioregionaldigital.com.br\/index.php?rest_route=\/wp\/v2\/posts"}],"about":[{"href":"https:\/\/diarioregionaldigital.com.br\/index.php?rest_route=\/wp\/v2\/types\/post"}],"author":[{"embeddable":true,"href":"https:\/\/diarioregionaldigital.com.br\/index.php?rest_route=\/wp\/v2\/users\/96"}],"replies":[{"embeddable":true,"href":"https:\/\/diarioregionaldigital.com.br\/index.php?rest_route=%2Fwp%2Fv2%2Fcomments&post=125297"}],"version-history":[{"count":0,"href":"https:\/\/diarioregionaldigital.com.br\/index.php?rest_route=\/wp\/v2\/posts\/125297\/revisions"}],"wp:attachment":[{"href":"https:\/\/diarioregionaldigital.com.br\/index.php?rest_route=%2Fwp%2Fv2%2Fmedia&parent=125297"}],"wp:term":[{"taxonomy":"category","embeddable":true,"href":"https:\/\/diarioregionaldigital.com.br\/index.php?rest_route=%2Fwp%2Fv2%2Fcategories&post=125297"},{"taxonomy":"post_tag","embeddable":true,"href":"https:\/\/diarioregionaldigital.com.br\/index.php?rest_route=%2Fwp%2Fv2%2Ftags&post=125297"}],"curies":[{"name":"wp","href":"https:\/\/api.w.org\/{rel}","templated":true}]}}