{"id":125290,"date":"2018-11-09T09:33:32","date_gmt":"2018-11-09T11:33:32","guid":{"rendered":"https:\/\/diarioregionaldigital.com.br\/?p=125290"},"modified":"2018-11-09T09:35:53","modified_gmt":"2018-11-09T11:35:53","slug":"inscricao-para-sorteio-de-vagas-para-o-colegio-joao-xxiii-termina-nesta-segunda","status":"publish","type":"post","link":"https:\/\/diarioregionaldigital.com.br\/?p=125290","title":{"rendered":"Inscri\u00e7\u00e3o para sorteio de vagas para o Col\u00e9gio Jo\u00e3o XXIII termina nesta segunda"},"content":{"rendered":"<p>&nbsp;<\/p>\n<p>O Col\u00e9gio de Aplica\u00e7\u00e3o Jo\u00e3o XXIII da Universidade Federal de Juiz de Fora (UFJF) recebe, at\u00e9 nesta segunda-feira, 12, as inscri\u00e7\u00f5es para o sorteio de 75 vagas para o 1\u00ba ano do ensino fundamental.<\/p>\n<p>As vagas s\u00e3o destinadas a crian\u00e7as nascidas a partir de 1\u00ba de janeiro de 2012 a 31 de mar\u00e7o de 2013, para ingresso no 1\u00ba ano do ensino fundamental, referentes ao ano letivo de 2019. Al\u00e9m das vagas previstas, ser\u00e3o sorteados mais 25 suplentes para casos de desist\u00eancia. O sorteio das vagas \u00e9 p\u00fablico, aberto aos interessados e ser\u00e1 realizado no dia 24 novembro, \u00e0s 9h30, na quadra do Col\u00e9gio de Aplica\u00e7\u00e3o.<\/p>\n<p>O valor da inscri\u00e7\u00e3o \u00e9 de R$ 42 e deve ser feita pelo\u00a0<a href=\"http:\/\/www.ufjf.br\/joaoxxiii\/2018\/10\/20\/sorteio-de-vagas-para-1o-ano-do-ensino-fundamental-2019\/\" target=\"_blank\" rel=\"noopener\">site do Col\u00e9gio<\/a>, preenchendo o requerimento de inscri\u00e7\u00e3o, informando o n\u00famero do CPF do candidato. O boleto para pagamento da taxa dever\u00e1 ser emitido e impresso durante o processo de inscri\u00e7\u00e3o.<\/p>\n<p>A inscri\u00e7\u00e3o s\u00f3 ser\u00e1 efetivada ap\u00f3s o preenchimento do requerimento e a confirma\u00e7\u00e3o do pagamento do boleto banc\u00e1rio para os candidatos n\u00e3o isentos.<\/p>\n<p><em>Fonte: Assessoria<\/em><\/p>\n","protected":false},"excerpt":{"rendered":"<p>&nbsp; O Col\u00e9gio de Aplica\u00e7\u00e3o Jo\u00e3o XXIII da Universidade Federal de Juiz de Fora (UFJF) recebe, at\u00e9 nesta segunda-feira, 12, as inscri\u00e7\u00f5es para o sorteio de 75 vagas para o 1\u00ba ano do ensino fundamental. As vagas s\u00e3o destinadas a crian\u00e7as nascidas a partir de 1\u00ba de janeiro de 2012 a 31 de mar\u00e7o de [&hellip;]<\/p>\n","protected":false},"author":96,"featured_media":0,"comment_status":"closed","ping_status":"closed","sticky":false,"template":"","format":"standard","meta":{"footnotes":""},"categories":[253,439],"tags":[],"class_list":["post-125290","post","type-post","status-publish","format-standard","hentry","category-cidade","category-ultima-hora"],"_links":{"self":[{"href":"https:\/\/diarioregionaldigital.com.br\/index.php?rest_route=\/wp\/v2\/posts\/125290","targetHints":{"allow":["GET"]}}],"collection":[{"href":"https:\/\/diarioregionaldigital.com.br\/index.php?rest_route=\/wp\/v2\/posts"}],"about":[{"href":"https:\/\/diarioregionaldigital.com.br\/index.php?rest_route=\/wp\/v2\/types\/post"}],"author":[{"embeddable":true,"href":"https:\/\/diarioregionaldigital.com.br\/index.php?rest_route=\/wp\/v2\/users\/96"}],"replies":[{"embeddable":true,"href":"https:\/\/diarioregionaldigital.com.br\/index.php?rest_route=%2Fwp%2Fv2%2Fcomments&post=125290"}],"version-history":[{"count":0,"href":"https:\/\/diarioregionaldigital.com.br\/index.php?rest_route=\/wp\/v2\/posts\/125290\/revisions"}],"wp:attachment":[{"href":"https:\/\/diarioregionaldigital.com.br\/index.php?rest_route=%2Fwp%2Fv2%2Fmedia&parent=125290"}],"wp:term":[{"taxonomy":"category","embeddable":true,"href":"https:\/\/diarioregionaldigital.com.br\/index.php?rest_route=%2Fwp%2Fv2%2Fcategories&post=125290"},{"taxonomy":"post_tag","embeddable":true,"href":"https:\/\/diarioregionaldigital.com.br\/index.php?rest_route=%2Fwp%2Fv2%2Ftags&post=125290"}],"curies":[{"name":"wp","href":"https:\/\/api.w.org\/{rel}","templated":true}]}}