{"id":125287,"date":"2018-11-09T09:38:45","date_gmt":"2018-11-09T11:38:45","guid":{"rendered":"https:\/\/diarioregionaldigital.com.br\/?p=125287"},"modified":"2018-11-09T09:38:45","modified_gmt":"2018-11-09T11:38:45","slug":"mulher-tem-casa-furtada-no-bairro-grajau","status":"publish","type":"post","link":"https:\/\/diarioregionaldigital.com.br\/?p=125287","title":{"rendered":"Mulher tem casa furtada no bairro Graja\u00fa"},"content":{"rendered":"<p>Uma jovem, de 24 anos, teve a casa furtada na tarde dessa quinta-feira, 8, no bairro Graja\u00fa, na zona Leste de Juiz de Fora.<\/p>\n<p>Segundo relato da v\u00edtima aos policiais militares, ela chegou em casa, por volta das 17h30, e ao entrar na resid\u00eancia, que fica na Rua Pierre Feital, se deparou com as janelas do im\u00f3vel abertas e o local revirado.<\/p>\n<p>Foram roubados R$8.600 em dinheiro, um bin\u00f3culo, uma c\u00e2mera de filmagem e um rel\u00f3gio de pulso.<\/p>\n<p>A Pol\u00edcia Militar realizou rastreamento na \u00e1rea, mas ningu\u00e9m foi encontrado.<\/p>\n","protected":false},"excerpt":{"rendered":"<p>Uma jovem, de 24 anos, teve a casa furtada na tarde dessa quinta-feira, 8, no bairro Graja\u00fa, na zona Leste de Juiz de Fora. Segundo relato da v\u00edtima aos policiais militares, ela chegou em casa, por volta das 17h30, e ao entrar na resid\u00eancia, que fica na Rua Pierre Feital, se deparou com as janelas [&hellip;]<\/p>\n","protected":false},"author":96,"featured_media":95836,"comment_status":"closed","ping_status":"closed","sticky":false,"template":"","format":"standard","meta":{"footnotes":""},"categories":[301],"tags":[],"class_list":["post-125287","post","type-post","status-publish","format-standard","has-post-thumbnail","hentry","category-artigos-policiais"],"_links":{"self":[{"href":"https:\/\/diarioregionaldigital.com.br\/index.php?rest_route=\/wp\/v2\/posts\/125287","targetHints":{"allow":["GET"]}}],"collection":[{"href":"https:\/\/diarioregionaldigital.com.br\/index.php?rest_route=\/wp\/v2\/posts"}],"about":[{"href":"https:\/\/diarioregionaldigital.com.br\/index.php?rest_route=\/wp\/v2\/types\/post"}],"author":[{"embeddable":true,"href":"https:\/\/diarioregionaldigital.com.br\/index.php?rest_route=\/wp\/v2\/users\/96"}],"replies":[{"embeddable":true,"href":"https:\/\/diarioregionaldigital.com.br\/index.php?rest_route=%2Fwp%2Fv2%2Fcomments&post=125287"}],"version-history":[{"count":0,"href":"https:\/\/diarioregionaldigital.com.br\/index.php?rest_route=\/wp\/v2\/posts\/125287\/revisions"}],"wp:featuredmedia":[{"embeddable":true,"href":"https:\/\/diarioregionaldigital.com.br\/index.php?rest_route=\/wp\/v2\/media\/95836"}],"wp:attachment":[{"href":"https:\/\/diarioregionaldigital.com.br\/index.php?rest_route=%2Fwp%2Fv2%2Fmedia&parent=125287"}],"wp:term":[{"taxonomy":"category","embeddable":true,"href":"https:\/\/diarioregionaldigital.com.br\/index.php?rest_route=%2Fwp%2Fv2%2Fcategories&post=125287"},{"taxonomy":"post_tag","embeddable":true,"href":"https:\/\/diarioregionaldigital.com.br\/index.php?rest_route=%2Fwp%2Fv2%2Ftags&post=125287"}],"curies":[{"name":"wp","href":"https:\/\/api.w.org\/{rel}","templated":true}]}}