{"id":125286,"date":"2018-11-09T08:59:09","date_gmt":"2018-11-09T10:59:09","guid":{"rendered":"https:\/\/diarioregionaldigital.com.br\/?p=125286"},"modified":"2018-11-09T09:27:54","modified_gmt":"2018-11-09T11:27:54","slug":"ufjf-prepara-esquemas-de-transito-seguranca-e-atendimento-para-o-pism","status":"publish","type":"post","link":"https:\/\/diarioregionaldigital.com.br\/?p=125286","title":{"rendered":"UFJF prepara esquemas de tr\u00e2nsito, seguran\u00e7a e atendimento para o Pism"},"content":{"rendered":"<p>A Universidade Federal de Juiz de Fora (UFJF) prepara os esquemas operacionais, de seguran\u00e7a, de tr\u00e2nsito, de transporte e de atendimentos especiais e m\u00e9dico emergencial para a realiza\u00e7\u00e3o das provas do Programa de Ingresso Seletivo Misto (Pism). Os exames ocorrem nos dias 1\u00ba e 2 de dezembro.<\/p>\n<p>Encontro realizado nesta quinta-feira, 8, contou com a presen\u00e7a de representantes da Coordena\u00e7\u00e3o Geral de Processos Seletivos (Copese), da Pr\u00f3-reitoria de Infraestrutura (Proinfra), da Diretoria de Imagem Institucional, da Central de Atendimento, do Corpo de Bombeiros, da Pol\u00edcia Militar e da Secretaria de Transporte e Tr\u00e2nsito (Settra) da Prefeitura de Juiz de Fora. Juntos, os \u00f3rg\u00e3os discutiram as mobiliza\u00e7\u00f5es que ser\u00e3o necess\u00e1rias para a realiza\u00e7\u00e3o das provas.<\/p>\n<p><b>Transporte e tr\u00e2nsito\u00a0<\/b><\/p>\n<p>O refor\u00e7o do transporte coletivo p\u00fablico para atender aos locais de prova nos dias do Pism foi garantido pela Settra, que se comprometeu a aumentar o n\u00famero de carros dispon\u00edveis para o campus da UFJF, onde haver\u00e1 grande volume de candidatos. Escolas e faculdades nas regi\u00f5es central, Norte e Nordeste de Juiz de Fora passar\u00e3o a ser locais de prova, o que tamb\u00e9m demandar\u00e1 esfor\u00e7o de controle de tr\u00e1fego em vias antes n\u00e3o utilizadas para o Pism.<\/p>\n<p>O tr\u00e2nsito no campus da UFJF, em Juiz de Fora, sofrer\u00e1 altera\u00e7\u00e3o similar \u00e0 ocorrida no \u00faltimo exame. Os \u00f4nibus e carros particulares poder\u00e3o acessar todo o anel vi\u00e1rio, mas somente as rotas que levam, de um lado, ao complexo das faculdades de Odontologia, Farm\u00e1cia e Enfermagem, e do outro, ao Instituto de Artes e Design (IAD). Motoristas poder\u00e3o estacionar carros de passeio apenas no estacionamento da Reitoria e na Pra\u00e7a C\u00edvica. Fiscais, coordenadores e demais trabalhadores no processo ter\u00e3o acesso aos estacionamentos das unidades.<\/p>\n<p><b>Orienta\u00e7\u00f5es no campus<\/b><\/p>\n<p>Um grupo de trabalhadores e bolsistas da Diretoria de Imagem Institucional atuar\u00e1 durante o Pism, orientando os candidatos que far\u00e3o provas no campus de Juiz de Fora. Eles estar\u00e3o espalhados nos \u00f4nibus que levam ao campus, informando quais paradas s\u00e3o as mais pr\u00f3ximas de cada unidade acad\u00eamica, facilitando a localiza\u00e7\u00e3o dos locais de prova.<\/p>\n<p>Bolsistas uniformizados tamb\u00e9m estar\u00e3o nas vias principais do campus, orientando os candidatos que estiverem a p\u00e9 e indicando os locais exatos de prova.<\/p>\n<p><b>Atendimento m\u00e9dico e especial<\/b><\/p>\n<p>O processo seletivo contar\u00e1 com dez setores de atendimento m\u00e9dico emergencial, com m\u00e9dico, unidade m\u00f3vel e kit de emerg\u00eancia. Quatro deles funcionar\u00e3o dentro do campus, pr\u00f3ximos aos institutos de Ci\u00eancias Exatas e Ci\u00eancias Humanas e \u00e0s faculdades de Letras, Odontologia, Farm\u00e1cia e Enfermagem. Os outros seis ficar\u00e3o em pontos fora do campus, onde haver\u00e1 grande n\u00famero de candidatos.<\/p>\n<p><b>Locais de prova e comprovante de inscri\u00e7\u00e3o<\/b><\/p>\n<p>Os locais de prova e os comprovantes definitivos de inscri\u00e7\u00e3o ser\u00e3o divulgados a partir do dia 20 de novembro. No comprovante \u00e9 poss\u00edvel verificar o local exato onde o candidato far\u00e1 o exame. As provas ocorrem nos dias 1\u00ba e 2 de dezembro das 13h \u00e0s 17h30.<\/p>\n<p><em>Fonte: Assessoria<\/em><\/p>\n","protected":false},"excerpt":{"rendered":"<p>A Universidade Federal de Juiz de Fora (UFJF) prepara os esquemas operacionais, de seguran\u00e7a, de tr\u00e2nsito, de transporte e de atendimentos especiais e m\u00e9dico emergencial para a realiza\u00e7\u00e3o das provas do Programa de Ingresso Seletivo Misto (Pism). Os exames ocorrem nos dias 1\u00ba e 2 de dezembro. Encontro realizado nesta quinta-feira, 8, contou com a [&hellip;]<\/p>\n","protected":false},"author":96,"featured_media":0,"comment_status":"closed","ping_status":"closed","sticky":false,"template":"","format":"standard","meta":{"footnotes":""},"categories":[253,436,440,439],"tags":[],"class_list":["post-125286","post","type-post","status-publish","format-standard","hentry","category-cidade","category-destaque-da-semana","category-destaques-do-dia","category-ultima-hora"],"_links":{"self":[{"href":"https:\/\/diarioregionaldigital.com.br\/index.php?rest_route=\/wp\/v2\/posts\/125286","targetHints":{"allow":["GET"]}}],"collection":[{"href":"https:\/\/diarioregionaldigital.com.br\/index.php?rest_route=\/wp\/v2\/posts"}],"about":[{"href":"https:\/\/diarioregionaldigital.com.br\/index.php?rest_route=\/wp\/v2\/types\/post"}],"author":[{"embeddable":true,"href":"https:\/\/diarioregionaldigital.com.br\/index.php?rest_route=\/wp\/v2\/users\/96"}],"replies":[{"embeddable":true,"href":"https:\/\/diarioregionaldigital.com.br\/index.php?rest_route=%2Fwp%2Fv2%2Fcomments&post=125286"}],"version-history":[{"count":0,"href":"https:\/\/diarioregionaldigital.com.br\/index.php?rest_route=\/wp\/v2\/posts\/125286\/revisions"}],"wp:attachment":[{"href":"https:\/\/diarioregionaldigital.com.br\/index.php?rest_route=%2Fwp%2Fv2%2Fmedia&parent=125286"}],"wp:term":[{"taxonomy":"category","embeddable":true,"href":"https:\/\/diarioregionaldigital.com.br\/index.php?rest_route=%2Fwp%2Fv2%2Fcategories&post=125286"},{"taxonomy":"post_tag","embeddable":true,"href":"https:\/\/diarioregionaldigital.com.br\/index.php?rest_route=%2Fwp%2Fv2%2Ftags&post=125286"}],"curies":[{"name":"wp","href":"https:\/\/api.w.org\/{rel}","templated":true}]}}