{"id":125280,"date":"2018-11-09T09:22:55","date_gmt":"2018-11-09T11:22:55","guid":{"rendered":"https:\/\/diarioregionaldigital.com.br\/?p=125280"},"modified":"2018-11-09T09:22:55","modified_gmt":"2018-11-09T11:22:55","slug":"irmaos-se-desentendem-e-briga-termina-em-disparos-de-arma-de-fogo","status":"publish","type":"post","link":"https:\/\/diarioregionaldigital.com.br\/?p=125280","title":{"rendered":"Irm\u00e3os se desentendem e briga termina em disparos de arma de fogo"},"content":{"rendered":"<p>A Pol\u00edcia Militar registrou nessa quinta-feira, 8, uma briga de irm\u00e3os que terminou em troca de tiros no bairro Furtado de Menezes, na zona Sul de Juiz de Fora.<\/p>\n<p>A v\u00edtima, um homem de 38 anos, contou aos policiais que entrou em discuss\u00e3o com o irm\u00e3o, de 28 anos, por motivos banais e que este come\u00e7ou a amea\u00e7ar o mais velho de morte e realizou disparos de arma de fogo para o alto da casa, que fica na Rua Ana Reis.<\/p>\n<p>Em seguida, o irm\u00e3o ca\u00e7ula jogou pedras no vidro p\u00e1ra-brisas do ve\u00edculo da v\u00edtima e depois fugiu em um carro.<\/p>\n<p>At\u00e9 o momento, o autor n\u00e3o foi localizado pela PM.<\/p>\n","protected":false},"excerpt":{"rendered":"<p>A Pol\u00edcia Militar registrou nessa quinta-feira, 8, uma briga de irm\u00e3os que terminou em troca de tiros no bairro Furtado de Menezes, na zona Sul de Juiz de Fora. A v\u00edtima, um homem de 38 anos, contou aos policiais que entrou em discuss\u00e3o com o irm\u00e3o, de 28 anos, por motivos banais e que este [&hellip;]<\/p>\n","protected":false},"author":96,"featured_media":95836,"comment_status":"closed","ping_status":"closed","sticky":false,"template":"","format":"standard","meta":{"footnotes":""},"categories":[301],"tags":[],"class_list":["post-125280","post","type-post","status-publish","format-standard","has-post-thumbnail","hentry","category-artigos-policiais"],"_links":{"self":[{"href":"https:\/\/diarioregionaldigital.com.br\/index.php?rest_route=\/wp\/v2\/posts\/125280","targetHints":{"allow":["GET"]}}],"collection":[{"href":"https:\/\/diarioregionaldigital.com.br\/index.php?rest_route=\/wp\/v2\/posts"}],"about":[{"href":"https:\/\/diarioregionaldigital.com.br\/index.php?rest_route=\/wp\/v2\/types\/post"}],"author":[{"embeddable":true,"href":"https:\/\/diarioregionaldigital.com.br\/index.php?rest_route=\/wp\/v2\/users\/96"}],"replies":[{"embeddable":true,"href":"https:\/\/diarioregionaldigital.com.br\/index.php?rest_route=%2Fwp%2Fv2%2Fcomments&post=125280"}],"version-history":[{"count":0,"href":"https:\/\/diarioregionaldigital.com.br\/index.php?rest_route=\/wp\/v2\/posts\/125280\/revisions"}],"wp:featuredmedia":[{"embeddable":true,"href":"https:\/\/diarioregionaldigital.com.br\/index.php?rest_route=\/wp\/v2\/media\/95836"}],"wp:attachment":[{"href":"https:\/\/diarioregionaldigital.com.br\/index.php?rest_route=%2Fwp%2Fv2%2Fmedia&parent=125280"}],"wp:term":[{"taxonomy":"category","embeddable":true,"href":"https:\/\/diarioregionaldigital.com.br\/index.php?rest_route=%2Fwp%2Fv2%2Fcategories&post=125280"},{"taxonomy":"post_tag","embeddable":true,"href":"https:\/\/diarioregionaldigital.com.br\/index.php?rest_route=%2Fwp%2Fv2%2Ftags&post=125280"}],"curies":[{"name":"wp","href":"https:\/\/api.w.org\/{rel}","templated":true}]}}