{"id":125277,"date":"2018-11-09T09:13:11","date_gmt":"2018-11-09T11:13:11","guid":{"rendered":"https:\/\/diarioregionaldigital.com.br\/?p=125277"},"modified":"2018-11-09T09:13:11","modified_gmt":"2018-11-09T11:13:11","slug":"vice-governador-de-minas-e-preso-pela-policia-federal","status":"publish","type":"post","link":"https:\/\/diarioregionaldigital.com.br\/?p=125277","title":{"rendered":"Vice-governador de Minas \u00e9 preso pela Pol\u00edcia Federal"},"content":{"rendered":"<p>A Pol\u00edcia Federal cumpriu nesta sexta-feira, 9, mandados de busca e apreens\u00e3o contra o vice-governador de Minas Gerais, Antonio Andrade (MDB), e tr\u00eas executivos da JBS em mais um desdobramento da Opera\u00e7\u00e3o Lava Jato, denominada Opera\u00e7\u00e3o Capitu.<\/p>\n<p>As investiga\u00e7\u00f5es apuram um complexo esquema de corrup\u00e7\u00e3o e pagamento de propina quando Andrade era ministro da Agricultura no governo da presidente Dilma Rousseff.<\/p>\n<p>Informa\u00e7\u00f5es preliminares indicam que os policiais federais deflagraram os mandados em Belo Horizonte, S\u00e3o Paulo, Rio de Janeiro, Para\u00edba e Mato Grosso. No total, s\u00e3o 62 mandados de busca e apreens\u00e3o, dos quais 26 apenas na capital mineira.<\/p>\n<p>A opera\u00e7\u00e3o \u00e9 baseada na dela\u00e7\u00e3o de L\u00facio Funaro, apontado como operador do MDB. Segundo as investiga\u00e7\u00f5es, havia um esquema de arrecada\u00e7\u00e3o de propina dentro do Minist\u00e9rio da Agricultura para beneficiar pol\u00edticos do MDB, que recebiam dinheiro da JBS, dos irm\u00e3os Joesley e Wesley Batista, em troca de medidas para beneficiar as empresas do grupo.<\/p>\n<p>Em 2017,\u00a0 durante dela\u00e7\u00e3o premiada \u00e0 Procuradoria-Geral da Rep\u00fablica, o empres\u00e1rio Joesley Batista revelou que atuou com o ex-deputado Eduardo Cunha (MDB-RJ) e L\u00facio Funaro em esquema de corrup\u00e7\u00e3o no Minist\u00e9rio da Agricultura para favorecer as empresas.<\/p>\n<p><em>Fonte: Ag\u00eancia Brasil<\/em><\/p>\n","protected":false},"excerpt":{"rendered":"<p>A Pol\u00edcia Federal cumpriu nesta sexta-feira, 9, mandados de busca e apreens\u00e3o contra o vice-governador de Minas Gerais, Antonio Andrade (MDB), e tr\u00eas executivos da JBS em mais um desdobramento da Opera\u00e7\u00e3o Lava Jato, denominada Opera\u00e7\u00e3o Capitu. As investiga\u00e7\u00f5es apuram um complexo esquema de corrup\u00e7\u00e3o e pagamento de propina quando Andrade era ministro da Agricultura [&hellip;]<\/p>\n","protected":false},"author":96,"featured_media":0,"comment_status":"closed","ping_status":"closed","sticky":false,"template":"","format":"standard","meta":{"footnotes":""},"categories":[436,440,254,439],"tags":[],"class_list":["post-125277","post","type-post","status-publish","format-standard","hentry","category-destaque-da-semana","category-destaques-do-dia","category-politica","category-ultima-hora"],"_links":{"self":[{"href":"https:\/\/diarioregionaldigital.com.br\/index.php?rest_route=\/wp\/v2\/posts\/125277","targetHints":{"allow":["GET"]}}],"collection":[{"href":"https:\/\/diarioregionaldigital.com.br\/index.php?rest_route=\/wp\/v2\/posts"}],"about":[{"href":"https:\/\/diarioregionaldigital.com.br\/index.php?rest_route=\/wp\/v2\/types\/post"}],"author":[{"embeddable":true,"href":"https:\/\/diarioregionaldigital.com.br\/index.php?rest_route=\/wp\/v2\/users\/96"}],"replies":[{"embeddable":true,"href":"https:\/\/diarioregionaldigital.com.br\/index.php?rest_route=%2Fwp%2Fv2%2Fcomments&post=125277"}],"version-history":[{"count":0,"href":"https:\/\/diarioregionaldigital.com.br\/index.php?rest_route=\/wp\/v2\/posts\/125277\/revisions"}],"wp:attachment":[{"href":"https:\/\/diarioregionaldigital.com.br\/index.php?rest_route=%2Fwp%2Fv2%2Fmedia&parent=125277"}],"wp:term":[{"taxonomy":"category","embeddable":true,"href":"https:\/\/diarioregionaldigital.com.br\/index.php?rest_route=%2Fwp%2Fv2%2Fcategories&post=125277"},{"taxonomy":"post_tag","embeddable":true,"href":"https:\/\/diarioregionaldigital.com.br\/index.php?rest_route=%2Fwp%2Fv2%2Ftags&post=125277"}],"curies":[{"name":"wp","href":"https:\/\/api.w.org\/{rel}","templated":true}]}}