{"id":125273,"date":"2018-11-09T08:57:47","date_gmt":"2018-11-09T10:57:47","guid":{"rendered":"https:\/\/diarioregionaldigital.com.br\/?p=125273"},"modified":"2018-11-09T08:57:47","modified_gmt":"2018-11-09T10:57:47","slug":"manutencao-em-rede-eletrica-compromete-funcionamento-da-eta-sao-pedro-nesta-sexta-feira","status":"publish","type":"post","link":"https:\/\/diarioregionaldigital.com.br\/?p=125273","title":{"rendered":"Manuten\u00e7\u00e3o em rede el\u00e9trica compromete funcionamento da ETA S\u00e3o Pedro nesta sexta-feira"},"content":{"rendered":"<p>Devido manuten\u00e7\u00e3o na rede de energia el\u00e9trica na Rua Major Lino Lima, no Bairro S\u00e3o Pedro, a Esta\u00e7\u00e3o de Tratamento de \u00c1gua (ETA) S\u00e3o Pedro ficar\u00e1 parada de 9h30 \u00e0s 12h30 desta sexta-feira, 9. Os servi\u00e7os ser\u00e3o realizados pela Companhia Energ\u00e9tica de Minas Gerais (Cemig) e, com a interrup\u00e7\u00e3o do funcionamento da ETA, as regi\u00f5es da Cidade Alta e do Bairro Borboleta podem ter o abastecimento de \u00e1gua comprometido.<\/p>\n<p>Assim que os servi\u00e7os forem conclu\u00eddos pela Cemig, a unidade de tratamento voltar\u00e1 a funcionar. A Companhia de Saneamento Municipal (Cesama) pede a compreens\u00e3o dos moradores e orienta para que economizem \u00e1gua durante os trabalhos. A previs\u00e3o \u00e9 de que o abastecimento seja regularizado ainda na noite de sexta-feira.<\/p>\n","protected":false},"excerpt":{"rendered":"<p>Devido manuten\u00e7\u00e3o na rede de energia el\u00e9trica na Rua Major Lino Lima, no Bairro S\u00e3o Pedro, a Esta\u00e7\u00e3o de Tratamento de \u00c1gua (ETA) S\u00e3o Pedro ficar\u00e1 parada de 9h30 \u00e0s 12h30 desta sexta-feira, 9. Os servi\u00e7os ser\u00e3o realizados pela Companhia Energ\u00e9tica de Minas Gerais (Cemig) e, com a interrup\u00e7\u00e3o do funcionamento da ETA, as regi\u00f5es [&hellip;]<\/p>\n","protected":false},"author":96,"featured_media":0,"comment_status":"closed","ping_status":"closed","sticky":false,"template":"","format":"standard","meta":{"footnotes":""},"categories":[253,439],"tags":[],"class_list":["post-125273","post","type-post","status-publish","format-standard","hentry","category-cidade","category-ultima-hora"],"_links":{"self":[{"href":"https:\/\/diarioregionaldigital.com.br\/index.php?rest_route=\/wp\/v2\/posts\/125273","targetHints":{"allow":["GET"]}}],"collection":[{"href":"https:\/\/diarioregionaldigital.com.br\/index.php?rest_route=\/wp\/v2\/posts"}],"about":[{"href":"https:\/\/diarioregionaldigital.com.br\/index.php?rest_route=\/wp\/v2\/types\/post"}],"author":[{"embeddable":true,"href":"https:\/\/diarioregionaldigital.com.br\/index.php?rest_route=\/wp\/v2\/users\/96"}],"replies":[{"embeddable":true,"href":"https:\/\/diarioregionaldigital.com.br\/index.php?rest_route=%2Fwp%2Fv2%2Fcomments&post=125273"}],"version-history":[{"count":0,"href":"https:\/\/diarioregionaldigital.com.br\/index.php?rest_route=\/wp\/v2\/posts\/125273\/revisions"}],"wp:attachment":[{"href":"https:\/\/diarioregionaldigital.com.br\/index.php?rest_route=%2Fwp%2Fv2%2Fmedia&parent=125273"}],"wp:term":[{"taxonomy":"category","embeddable":true,"href":"https:\/\/diarioregionaldigital.com.br\/index.php?rest_route=%2Fwp%2Fv2%2Fcategories&post=125273"},{"taxonomy":"post_tag","embeddable":true,"href":"https:\/\/diarioregionaldigital.com.br\/index.php?rest_route=%2Fwp%2Fv2%2Ftags&post=125273"}],"curies":[{"name":"wp","href":"https:\/\/api.w.org\/{rel}","templated":true}]}}