{"id":125272,"date":"2018-11-09T09:03:49","date_gmt":"2018-11-09T11:03:49","guid":{"rendered":"https:\/\/diarioregionaldigital.com.br\/?p=125272"},"modified":"2018-11-09T09:03:49","modified_gmt":"2018-11-09T11:03:49","slug":"dono-de-bar-e-preso-por-vender-bebida-para-menor","status":"publish","type":"post","link":"https:\/\/diarioregionaldigital.com.br\/?p=125272","title":{"rendered":"Dono de bar \u00e9 preso por vender bebida para menor"},"content":{"rendered":"<p>Um idoso, de 61 anos, foi preso em Juiz de Fira nessa quinta-feira, 8, pela Pol\u00edcia Militar (PM) por vender bebida alco\u00f3lica para uma menor, de 15 anos. O caso aconteceu no bairro Filgueiras, localizado na zona Nordeste da cidade.<\/p>\n<p>Uma das professoras da escola onde adolescente est\u00e1 matriculada notou sintomas de embriaguez na menina, que estava no banheiro da institui\u00e7\u00e3o. A docente chamou a diretora que acionou o pai da jovem, um homem de 46 anos.<\/p>\n<p>Com a chegada do respons\u00e1vel legal, a menor admitiu que havia tomado cerca de dez garrafas de vinho no bar, que fica na Rua Orlando Riani, no mesmo bairro da escola.<\/p>\n<p>A PM foi at\u00e9 o estabelecimento comercial e o idoso confessou que havia vendido bebida para menores, entre eles, a adolescente. O homem foi preso e encaminhado para a delegacia.<\/p>\n","protected":false},"excerpt":{"rendered":"<p>Um idoso, de 61 anos, foi preso em Juiz de Fira nessa quinta-feira, 8, pela Pol\u00edcia Militar (PM) por vender bebida alco\u00f3lica para uma menor, de 15 anos. O caso aconteceu no bairro Filgueiras, localizado na zona Nordeste da cidade. Uma das professoras da escola onde adolescente est\u00e1 matriculada notou sintomas de embriaguez na menina, [&hellip;]<\/p>\n","protected":false},"author":96,"featured_media":95836,"comment_status":"closed","ping_status":"closed","sticky":false,"template":"","format":"standard","meta":{"footnotes":""},"categories":[301],"tags":[],"class_list":["post-125272","post","type-post","status-publish","format-standard","has-post-thumbnail","hentry","category-artigos-policiais"],"_links":{"self":[{"href":"https:\/\/diarioregionaldigital.com.br\/index.php?rest_route=\/wp\/v2\/posts\/125272","targetHints":{"allow":["GET"]}}],"collection":[{"href":"https:\/\/diarioregionaldigital.com.br\/index.php?rest_route=\/wp\/v2\/posts"}],"about":[{"href":"https:\/\/diarioregionaldigital.com.br\/index.php?rest_route=\/wp\/v2\/types\/post"}],"author":[{"embeddable":true,"href":"https:\/\/diarioregionaldigital.com.br\/index.php?rest_route=\/wp\/v2\/users\/96"}],"replies":[{"embeddable":true,"href":"https:\/\/diarioregionaldigital.com.br\/index.php?rest_route=%2Fwp%2Fv2%2Fcomments&post=125272"}],"version-history":[{"count":0,"href":"https:\/\/diarioregionaldigital.com.br\/index.php?rest_route=\/wp\/v2\/posts\/125272\/revisions"}],"wp:featuredmedia":[{"embeddable":true,"href":"https:\/\/diarioregionaldigital.com.br\/index.php?rest_route=\/wp\/v2\/media\/95836"}],"wp:attachment":[{"href":"https:\/\/diarioregionaldigital.com.br\/index.php?rest_route=%2Fwp%2Fv2%2Fmedia&parent=125272"}],"wp:term":[{"taxonomy":"category","embeddable":true,"href":"https:\/\/diarioregionaldigital.com.br\/index.php?rest_route=%2Fwp%2Fv2%2Fcategories&post=125272"},{"taxonomy":"post_tag","embeddable":true,"href":"https:\/\/diarioregionaldigital.com.br\/index.php?rest_route=%2Fwp%2Fv2%2Ftags&post=125272"}],"curies":[{"name":"wp","href":"https:\/\/api.w.org\/{rel}","templated":true}]}}