{"id":125259,"date":"2018-11-11T06:00:53","date_gmt":"2018-11-11T08:00:53","guid":{"rendered":"https:\/\/diarioregionaldigital.com.br\/?p=125259"},"modified":"2018-11-08T21:10:19","modified_gmt":"2018-11-08T23:10:19","slug":"beleza-rara-2","status":"publish","type":"post","link":"https:\/\/diarioregionaldigital.com.br\/?p=125259","title":{"rendered":"Beleza Rara"},"content":{"rendered":"<p style=\"text-align: center;\"><strong>Sucesso <\/strong><\/p>\n<p style=\"text-align: center;\">Contabilizando vit\u00f3ria, a aluna de doutorado em ecologia da UFJF, Franciele Rezende de Castro, defendeu tese sobre a metodologia de monitoramento ac\u00fastico das baleias cachalote em \u00e1guas brasileiras. A pesquisa foi orientada pelo professor Arthur Andriolo<\/p>\n<p style=\"text-align: center;\"><strong>Avisando<\/strong><\/p>\n<p style=\"text-align: center;\">Um forte lobby da CNI est\u00e1 travando a inclus\u00e3o do CADE como \u00f3rg\u00e3o de assessoramento da Camex a C\u00e2mara de Com\u00e9rcio Exterior ligada \u00e0 Presid\u00eancia da Rep\u00fablica. O decreto para que o Cade participe das discuss\u00f5es est\u00e1 na Casa Civil.<\/p>\n<p style=\"text-align: center;\"><strong>Pedindo Salva\u00e7\u00e3o<\/strong><\/p>\n<p style=\"text-align: center;\">Em recupera\u00e7\u00e3o judicial, a Editora Abril tem dois candidatos a compr\u00e1-la. Ambos j\u00e1 fizeram suas propostas. Um grupo re\u00fane v\u00e1rios empres\u00e1rios paulistas, entre eles Guilherme Leal, um dos controladores da Natura. O outro candidato \u00e9 F\u00e1bio Carvalho, advogado da Casa &amp; Video e Leader Magazine.<\/p>\n<p style=\"text-align: center;\"><strong>Novidade<\/strong><\/p>\n<p style=\"text-align: center;\">A Coca-Cola lan\u00e7ou esta semana no Brasil a \u00e1gua SmartWater, l\u00edder no segmento Premium nos EUA. Em sua fabrica\u00e7\u00e3o, o produto passa por um equipamento que promete remover as impurezas da \u00e1gua via vaporiza\u00e7\u00e3o.<\/p>\n<p style=\"text-align: center;\"><strong>Beleza Rara<\/strong><\/p>\n<p style=\"text-align: center;\">Usando como refer\u00eancia a Galeria de Arte do Forum da Cultura\/UFJF, os artistas Francisco Brand\u00e3o, Gabriela Maciel e Alice Rodrigues est\u00e3o expondo trabalhos impactantes com o tema \u201cPaisagens Contempor\u00e2neas\u201d. Em cena, telas de vidro, ilustra\u00e7\u00f5es e fotos dos principais pontos de Juiz de Fora.<\/p>\n<div id=\"attachment_125209\" style=\"width: 690px\" class=\"wp-caption aligncenter\"><img loading=\"lazy\" decoding=\"async\" aria-describedby=\"caption-attachment-125209\" class=\"wp-image-125209\" src=\"https:\/\/diarioregionaldigital.com.br\/wp-content\/uploads\/2018\/11\/fotoa-6-e1541716124129.jpg\" alt=\"\" width=\"680\" height=\"524\" srcset=\"https:\/\/diarioregionaldigital.com.br\/wp-content\/uploads\/2018\/11\/fotoa-6-e1541716124129.jpg 717w, https:\/\/diarioregionaldigital.com.br\/wp-content\/uploads\/2018\/11\/fotoa-6-e1541716124129-300x231.jpg 300w, https:\/\/diarioregionaldigital.com.br\/wp-content\/uploads\/2018\/11\/fotoa-6-e1541716124129-360x277.jpg 360w\" sizes=\"auto, (max-width: 680px) 100vw, 680px\" \/><p id=\"caption-attachment-125209\" class=\"wp-caption-text\">Eleitos os pr\u00edncipes desta coluna social, os lindos irm\u00e3os Igor Juliani e Hugo Juliani<\/p><\/div>\n<div id=\"attachment_125210\" style=\"width: 690px\" class=\"wp-caption aligncenter\"><img loading=\"lazy\" decoding=\"async\" aria-describedby=\"caption-attachment-125210\" class=\"wp-image-125210\" src=\"https:\/\/diarioregionaldigital.com.br\/wp-content\/uploads\/2018\/11\/fotob-6.jpg\" alt=\"\" width=\"680\" height=\"453\" srcset=\"https:\/\/diarioregionaldigital.com.br\/wp-content\/uploads\/2018\/11\/fotob-6.jpg 960w, https:\/\/diarioregionaldigital.com.br\/wp-content\/uploads\/2018\/11\/fotob-6-300x200.jpg 300w, https:\/\/diarioregionaldigital.com.br\/wp-content\/uploads\/2018\/11\/fotob-6-768x512.jpg 768w, https:\/\/diarioregionaldigital.com.br\/wp-content\/uploads\/2018\/11\/fotob-6-360x240.jpg 360w\" sizes=\"auto, (max-width: 680px) 100vw, 680px\" \/><p id=\"caption-attachment-125210\" class=\"wp-caption-text\">Presen\u00e7as elegantes no Trade Hotel, Juliana Moura e Alexandre Andes<\/p><\/div>\n<div id=\"attachment_125211\" style=\"width: 690px\" class=\"wp-caption aligncenter\"><img loading=\"lazy\" decoding=\"async\" aria-describedby=\"caption-attachment-125211\" class=\"wp-image-125211\" src=\"https:\/\/diarioregionaldigital.com.br\/wp-content\/uploads\/2018\/11\/fotoc-6-e1541716154781.jpg\" alt=\"\" width=\"680\" height=\"519\" srcset=\"https:\/\/diarioregionaldigital.com.br\/wp-content\/uploads\/2018\/11\/fotoc-6-e1541716154781.jpg 720w, https:\/\/diarioregionaldigital.com.br\/wp-content\/uploads\/2018\/11\/fotoc-6-e1541716154781-300x229.jpg 300w, https:\/\/diarioregionaldigital.com.br\/wp-content\/uploads\/2018\/11\/fotoc-6-e1541716154781-360x275.jpg 360w\" sizes=\"auto, (max-width: 680px) 100vw, 680px\" \/><p id=\"caption-attachment-125211\" class=\"wp-caption-text\">Fazendo pose para esta coluna, os fusqu\u00e9ts, Fl\u00e1vio Fusco e o esquilo Tico<\/p><\/div>\n<div id=\"attachment_125212\" style=\"width: 690px\" class=\"wp-caption aligncenter\"><img loading=\"lazy\" decoding=\"async\" aria-describedby=\"caption-attachment-125212\" class=\"wp-image-125212\" src=\"https:\/\/diarioregionaldigital.com.br\/wp-content\/uploads\/2018\/11\/fotod-5-e1541718353119.jpg\" alt=\"\" width=\"680\" height=\"471\" srcset=\"https:\/\/diarioregionaldigital.com.br\/wp-content\/uploads\/2018\/11\/fotod-5-e1541718353119.jpg 720w, https:\/\/diarioregionaldigital.com.br\/wp-content\/uploads\/2018\/11\/fotod-5-e1541718353119-300x208.jpg 300w, https:\/\/diarioregionaldigital.com.br\/wp-content\/uploads\/2018\/11\/fotod-5-e1541718353119-360x250.jpg 360w, https:\/\/diarioregionaldigital.com.br\/wp-content\/uploads\/2018\/11\/fotod-5-e1541718353119-100x70.jpg 100w\" sizes=\"auto, (max-width: 680px) 100vw, 680px\" \/><p id=\"caption-attachment-125212\" class=\"wp-caption-text\">No Rocket Pub, os bomb\u00e1sticos J\u00fanio Martins, Nikki Cursino e Harley Chernenk<\/p><\/div>\n<div id=\"attachment_125213\" style=\"width: 690px\" class=\"wp-caption aligncenter\"><img loading=\"lazy\" decoding=\"async\" aria-describedby=\"caption-attachment-125213\" class=\"wp-image-125213\" src=\"https:\/\/diarioregionaldigital.com.br\/wp-content\/uploads\/2018\/11\/fotoe-6-e1541716221827.jpg\" alt=\"\" width=\"680\" height=\"487\" srcset=\"https:\/\/diarioregionaldigital.com.br\/wp-content\/uploads\/2018\/11\/fotoe-6-e1541716221827.jpg 720w, https:\/\/diarioregionaldigital.com.br\/wp-content\/uploads\/2018\/11\/fotoe-6-e1541716221827-300x215.jpg 300w, https:\/\/diarioregionaldigital.com.br\/wp-content\/uploads\/2018\/11\/fotoe-6-e1541716221827-360x258.jpg 360w\" sizes=\"auto, (max-width: 680px) 100vw, 680px\" \/><p id=\"caption-attachment-125213\" class=\"wp-caption-text\">Tudo pelo charme e eleg\u00e2ncia no Arigat\u00f4, Patr\u00edcia Alvim e o estilista Gustavo Almeida<\/p><\/div>\n<div id=\"attachment_125214\" style=\"width: 690px\" class=\"wp-caption aligncenter\"><img loading=\"lazy\" decoding=\"async\" aria-describedby=\"caption-attachment-125214\" class=\"wp-image-125214\" src=\"https:\/\/diarioregionaldigital.com.br\/wp-content\/uploads\/2018\/11\/fotof-5-e1541716243344.jpg\" alt=\"\" width=\"680\" height=\"502\" srcset=\"https:\/\/diarioregionaldigital.com.br\/wp-content\/uploads\/2018\/11\/fotof-5-e1541716243344.jpg 720w, https:\/\/diarioregionaldigital.com.br\/wp-content\/uploads\/2018\/11\/fotof-5-e1541716243344-300x222.jpg 300w, https:\/\/diarioregionaldigital.com.br\/wp-content\/uploads\/2018\/11\/fotof-5-e1541716243344-360x266.jpg 360w\" sizes=\"auto, (max-width: 680px) 100vw, 680px\" \/><p id=\"caption-attachment-125214\" class=\"wp-caption-text\">O modelo carioca Pedro Henrique fazendo pit-stop de moda em Tr\u00eas Rios<\/p><\/div>\n<div id=\"attachment_125215\" style=\"width: 690px\" class=\"wp-caption aligncenter\"><img loading=\"lazy\" decoding=\"async\" aria-describedby=\"caption-attachment-125215\" class=\"wp-image-125215\" src=\"https:\/\/diarioregionaldigital.com.br\/wp-content\/uploads\/2018\/11\/fotog-5-e1541716263357.jpg\" alt=\"\" width=\"680\" height=\"532\" srcset=\"https:\/\/diarioregionaldigital.com.br\/wp-content\/uploads\/2018\/11\/fotog-5-e1541716263357.jpg 638w, https:\/\/diarioregionaldigital.com.br\/wp-content\/uploads\/2018\/11\/fotog-5-e1541716263357-300x235.jpg 300w, https:\/\/diarioregionaldigital.com.br\/wp-content\/uploads\/2018\/11\/fotog-5-e1541716263357-360x282.jpg 360w\" sizes=\"auto, (max-width: 680px) 100vw, 680px\" \/><p id=\"caption-attachment-125215\" class=\"wp-caption-text\">No palco do MHall, a incr\u00edvel cantora Uiara Leigo<\/p><\/div>\n<div id=\"attachment_125216\" style=\"width: 690px\" class=\"wp-caption aligncenter\"><img loading=\"lazy\" decoding=\"async\" aria-describedby=\"caption-attachment-125216\" class=\"wp-image-125216\" src=\"https:\/\/diarioregionaldigital.com.br\/wp-content\/uploads\/2018\/11\/fotoh-5.jpg\" alt=\"\" width=\"680\" height=\"453\" srcset=\"https:\/\/diarioregionaldigital.com.br\/wp-content\/uploads\/2018\/11\/fotoh-5.jpg 960w, https:\/\/diarioregionaldigital.com.br\/wp-content\/uploads\/2018\/11\/fotoh-5-300x200.jpg 300w, https:\/\/diarioregionaldigital.com.br\/wp-content\/uploads\/2018\/11\/fotoh-5-768x512.jpg 768w, https:\/\/diarioregionaldigital.com.br\/wp-content\/uploads\/2018\/11\/fotoh-5-360x240.jpg 360w\" sizes=\"auto, (max-width: 680px) 100vw, 680px\" \/><p id=\"caption-attachment-125216\" class=\"wp-caption-text\">Homens de atitude no Trade Hotel, Rafael Panorama e Marcos Casarin<\/p><\/div>\n<div id=\"attachment_125218\" style=\"width: 690px\" class=\"wp-caption aligncenter\"><img loading=\"lazy\" decoding=\"async\" aria-describedby=\"caption-attachment-125218\" class=\"wp-image-125218\" src=\"https:\/\/diarioregionaldigital.com.br\/wp-content\/uploads\/2018\/11\/fotoj-4-e1541716307632.jpg\" alt=\"\" width=\"680\" height=\"499\" srcset=\"https:\/\/diarioregionaldigital.com.br\/wp-content\/uploads\/2018\/11\/fotoj-4-e1541716307632.jpg 952w, https:\/\/diarioregionaldigital.com.br\/wp-content\/uploads\/2018\/11\/fotoj-4-e1541716307632-300x220.jpg 300w, https:\/\/diarioregionaldigital.com.br\/wp-content\/uploads\/2018\/11\/fotoj-4-e1541716307632-768x563.jpg 768w, https:\/\/diarioregionaldigital.com.br\/wp-content\/uploads\/2018\/11\/fotoj-4-e1541716307632-360x264.jpg 360w\" sizes=\"auto, (max-width: 680px) 100vw, 680px\" \/><p id=\"caption-attachment-125218\" class=\"wp-caption-text\">Curtindo a chegada do ver\u00e3o em B\u00fazios o jovem Morel Gustavo<\/p><\/div>\n<div id=\"attachment_125217\" style=\"width: 690px\" class=\"wp-caption aligncenter\"><img loading=\"lazy\" decoding=\"async\" aria-describedby=\"caption-attachment-125217\" class=\"wp-image-125217\" src=\"https:\/\/diarioregionaldigital.com.br\/wp-content\/uploads\/2018\/11\/fotoi-4-e1541716286748.jpg\" alt=\"\" width=\"680\" height=\"487\" srcset=\"https:\/\/diarioregionaldigital.com.br\/wp-content\/uploads\/2018\/11\/fotoi-4-e1541716286748.jpg 907w, https:\/\/diarioregionaldigital.com.br\/wp-content\/uploads\/2018\/11\/fotoi-4-e1541716286748-300x215.jpg 300w, https:\/\/diarioregionaldigital.com.br\/wp-content\/uploads\/2018\/11\/fotoi-4-e1541716286748-768x550.jpg 768w, https:\/\/diarioregionaldigital.com.br\/wp-content\/uploads\/2018\/11\/fotoi-4-e1541716286748-360x258.jpg 360w\" sizes=\"auto, (max-width: 680px) 100vw, 680px\" \/><p id=\"caption-attachment-125217\" class=\"wp-caption-text\">Em almo\u00e7o refinado, as poderosas Myrliane Le\u00e3o, Marluce Fajardo, Ana Maria Martins e Sandra Goretti<\/p><\/div>\n<p>&nbsp;<\/p>\n<p style=\"text-align: center;\"><strong>FOTOSS\u00cdNTESE<\/strong><\/p>\n<p>Aniversariando hoje, 11, o conceituado m\u00e9dico ginecologista juiz-forano formado pela UFJF, Luis Ot\u00e1vio Carello Malvacinni. Parab\u00e9ns.<\/p>\n<p>Ser\u00e1 neste domingo, 11, de 12 \u00e0s 17h, no Gin\u00e1sio do Ol\u00edmpico a Feijoada Verde e Rosa. Presen\u00e7a de Bruno Black e Grupo de Samba. Vai bombar.<\/p>\n<p>Cariocando muito, a diva Sandra Portella estourou no Rio Janeiro. No dia 30 de novembro ela se apresenta no Projeto Porto do Samba na Pra\u00e7a Mau\u00e1.<\/p>\n<p>Digno de todos os elogios, a artista-pl\u00e1stica Nequitz Miguel toma posse na Academia Brasileira de Belas Artes, no dia 5 de dezembro de 2018, \u00e0s18h, no Hotel Hilton, em Copacabana no Rio de Janeiro.<\/p>\n<p>Teve Black Friday na Team Ribeiro Martial Arts sim. O povo pede bis.<\/p>\n<p>Ser\u00e1 encerrado nesse domingo, 11, o Festival Sabores na Brasa, na Pra\u00e7a do Bom Pastor. Diversas carnes preparadas na brasa e chope gelado da Cervejaria Antuerpia e Mr. Tugas s\u00e3o destaques e muita gente bonita.<\/p>\n<p>Aten\u00e7\u00e3o: Se no Rio de Janeiro n\u00e3o vai ter ensaio t\u00e9cnico das escolas de samba no Samb\u00f3dromo, em Juiz de Fora tamb\u00e9m pelo segundo ano consecutivo n\u00e3o ter\u00e1 desfile das escolas no carnaval. Os deuses da folia pediram passagem, mas foi negada. Ningu\u00e9m merece.<\/p>\n<p>Recebendo muitos elogios a Maxi P\u00e3o Unidade Jardim Norte. Al\u00e9m de produtos deliciosos, tem almo\u00e7o musical nos finais de semana.<\/p>\n<p>O jovem Felippe Mota est\u00e1 nas nuvens. Ele comanda a Nissan Nagai, de Juiz de Fora, que foi escolhida a melhor concession\u00e1ria do Brasil e figura entre as nove da Am\u00e9rica Latina.<\/p>\n<p>Foi emocionante o evento no Cine-Theatro Central com a cena aberta para o 19\u00ba Festival das Escolas Municipais, com a participa\u00e7\u00e3o de 580 alunos.<\/p>\n<p>Para refletir: \u201cO trabalho certo \u00e9 o que \u00e9 leve. E para ser leve, ele deve fazer sentido para seu cora\u00e7\u00e3o\u201d. (Sophie Hellinger) Bom dia.<\/p>\n<p>&nbsp;<\/p>\n<p>&nbsp;<\/p>\n<p>&nbsp;<\/p>\n<p>&nbsp;<\/p>\n<p>&nbsp;<\/p>\n<p>&nbsp;<\/p>\n<p>&nbsp;<\/p>\n<p>&nbsp;<\/p>\n<p>&nbsp;<\/p>\n<p>&nbsp;<\/p>\n<p>&nbsp;<\/p>\n<p>&nbsp;<\/p>\n","protected":false},"excerpt":{"rendered":"<p>Sucesso Contabilizando vit\u00f3ria, a aluna de doutorado em ecologia da UFJF, Franciele Rezende de Castro, defendeu tese sobre a metodologia de monitoramento ac\u00fastico das baleias cachalote em \u00e1guas brasileiras. A pesquisa foi orientada pelo professor Arthur Andriolo Avisando Um forte lobby da CNI est\u00e1 travando a inclus\u00e3o do CADE como \u00f3rg\u00e3o de assessoramento da Camex [&hellip;]<\/p>\n","protected":false},"author":96,"featured_media":125209,"comment_status":"closed","ping_status":"closed","sticky":false,"template":"","format":"standard","meta":{"footnotes":""},"categories":[264],"tags":[],"class_list":["post-125259","post","type-post","status-publish","format-standard","has-post-thumbnail","hentry","category-eduardo-gomes"],"_links":{"self":[{"href":"https:\/\/diarioregionaldigital.com.br\/index.php?rest_route=\/wp\/v2\/posts\/125259","targetHints":{"allow":["GET"]}}],"collection":[{"href":"https:\/\/diarioregionaldigital.com.br\/index.php?rest_route=\/wp\/v2\/posts"}],"about":[{"href":"https:\/\/diarioregionaldigital.com.br\/index.php?rest_route=\/wp\/v2\/types\/post"}],"author":[{"embeddable":true,"href":"https:\/\/diarioregionaldigital.com.br\/index.php?rest_route=\/wp\/v2\/users\/96"}],"replies":[{"embeddable":true,"href":"https:\/\/diarioregionaldigital.com.br\/index.php?rest_route=%2Fwp%2Fv2%2Fcomments&post=125259"}],"version-history":[{"count":0,"href":"https:\/\/diarioregionaldigital.com.br\/index.php?rest_route=\/wp\/v2\/posts\/125259\/revisions"}],"wp:featuredmedia":[{"embeddable":true,"href":"https:\/\/diarioregionaldigital.com.br\/index.php?rest_route=\/wp\/v2\/media\/125209"}],"wp:attachment":[{"href":"https:\/\/diarioregionaldigital.com.br\/index.php?rest_route=%2Fwp%2Fv2%2Fmedia&parent=125259"}],"wp:term":[{"taxonomy":"category","embeddable":true,"href":"https:\/\/diarioregionaldigital.com.br\/index.php?rest_route=%2Fwp%2Fv2%2Fcategories&post=125259"},{"taxonomy":"post_tag","embeddable":true,"href":"https:\/\/diarioregionaldigital.com.br\/index.php?rest_route=%2Fwp%2Fv2%2Ftags&post=125259"}],"curies":[{"name":"wp","href":"https:\/\/api.w.org\/{rel}","templated":true}]}}