{"id":125256,"date":"2018-11-09T06:00:08","date_gmt":"2018-11-09T08:00:08","guid":{"rendered":"https:\/\/diarioregionaldigital.com.br\/?p=125256"},"modified":"2018-11-08T21:34:42","modified_gmt":"2018-11-08T23:34:42","slug":"bailando-2","status":"publish","type":"post","link":"https:\/\/diarioregionaldigital.com.br\/?p=125256","title":{"rendered":"Bailando"},"content":{"rendered":"<p style=\"text-align: center;\"><strong>Bailando<\/strong><\/p>\n<p style=\"text-align: center;\">Juntando todos os p\u00e9s-de- valsa convictos, vai acontecer no dia 10 de novembro, \u00e0s 19h, o Buteco da Uni\u00e3o com o 1\u00ba Jantar Dan\u00e7ante. O tom musical ser\u00e1 do cantor Fernando Gaio e no card\u00e1pio, arroz, salpic\u00e3o, salada fria e pernil assado ao molho madeira. A quadra da Uni\u00e3o da Cores fica no bairro Milho Branco.<\/p>\n<p style=\"text-align: center;\"><strong>Acordes <\/strong><\/p>\n<p style=\"text-align: center;\">Ser\u00e1 em ritmo de d\u00f3-r\u00e9-mi-f\u00e1 o Festival Jazz de Montanha que ser\u00e1 realizado de 14 a 17 de novembro no Teatro Paschoal Carlos Magno. Em cena, 9 shows e 3 workshops com grandes nomes da m\u00fasica brasileira. Os shows (gr\u00e1tis) ser\u00e3o no Teatro Paschoal Carlos Magno e os workshops na Maquinaria.<\/p>\n<p style=\"text-align: center;\"><strong>Boa Not\u00edcia<\/strong><\/p>\n<p style=\"text-align: center;\">Para premiar o trabalho de transpar\u00eancia no qual a Prefeitura de Juiz de Fora tem com o seu cidad\u00e3o, o TCEMG deu nota 100 para a administra\u00e7\u00e3o municipal. Dentre destaques, a viabiliza\u00e7\u00e3o para o amplo acesso \u00e0 informa\u00e7\u00e3o dos atos administrativos ao cidad\u00e3o que \u00e9 prioridade da Prefeitura de Juiz de Fora.<\/p>\n<p style=\"text-align: center;\"><strong>Jantar Mineiro<\/strong><\/p>\n<p style=\"text-align: center;\">O Teatr\u00f3logo Jo\u00e3o Falc\u00e3o esteve em Juiz de Fora para prestigiar no Teatro Paschoal Carlos Magno com a encena\u00e7\u00e3o de suas pe\u00e7as \u201cA M\u00e1quina\u201d e \u201cA Dona da Hist\u00f3ria. Logo ap\u00f3s foi recebido para jantar na resid\u00eancia da atriz M\u00e1rcia Mello no Cascatinha. Por l\u00e1 Emmanuel Castro, Sandra Almeida, Luidy Mendon\u00e7a, Victor Ara\u00fajo, Caroline Gerhein, L\u00e9o Motta e Larissa Zimmermann.<\/p>\n<p style=\"text-align: center;\"><strong>Cozinhando<\/strong><\/p>\n<p style=\"text-align: center;\">Rainha das panelas e ca\u00e7arolas a \u2018chef\u2019 Ana Paula Esteves, que comanda o Oliva Bistr\u00f4 em Ibitipoca est\u00e1 com tudo e n\u00e3o est\u00e1 prosa. Ela \u00e9 a mais nova associada da FIC Brasile, delega\u00e7\u00e3o brasileira da Federa\u00e7\u00e3o Italiana de Chefes de Cozinha.<\/p>\n<p style=\"text-align: center;\"><strong>Perfume<\/strong><\/p>\n<p style=\"text-align: center;\">Com cheiro de divers\u00e3o a Granato avisa ao respeitado p\u00fablico que tem novidade para crian\u00e7as que gostam de perfume. S\u00e3o duas col\u00f4nias suaves, a Fant\u00e1stico Circo e o Saf\u00e1ri encantado, que celebram os tradicionais parques de divers\u00f5es. Os adultos tamb\u00e9m adoram.<\/p>\n<div id=\"attachment_125195\" style=\"width: 690px\" class=\"wp-caption aligncenter\"><img loading=\"lazy\" decoding=\"async\" aria-describedby=\"caption-attachment-125195\" class=\"wp-image-125195\" src=\"https:\/\/diarioregionaldigital.com.br\/wp-content\/uploads\/2018\/11\/fotoa-5-e1541715914865.jpg\" alt=\"\" width=\"680\" height=\"723\" srcset=\"https:\/\/diarioregionaldigital.com.br\/wp-content\/uploads\/2018\/11\/fotoa-5-e1541715914865.jpg 720w, https:\/\/diarioregionaldigital.com.br\/wp-content\/uploads\/2018\/11\/fotoa-5-e1541715914865-282x300.jpg 282w, https:\/\/diarioregionaldigital.com.br\/wp-content\/uploads\/2018\/11\/fotoa-5-e1541715914865-360x383.jpg 360w\" sizes=\"auto, (max-width: 680px) 100vw, 680px\" \/><p id=\"caption-attachment-125195\" class=\"wp-caption-text\">A juventude sadia de Nelcimar Siqueira \u00e9 destaque hoje nesta p\u00e1gina social<\/p><\/div>\n<div id=\"attachment_125196\" style=\"width: 690px\" class=\"wp-caption aligncenter\"><img loading=\"lazy\" decoding=\"async\" aria-describedby=\"caption-attachment-125196\" class=\"wp-image-125196\" src=\"https:\/\/diarioregionaldigital.com.br\/wp-content\/uploads\/2018\/11\/fotoaa.jpg\" alt=\"\" width=\"680\" height=\"453\" srcset=\"https:\/\/diarioregionaldigital.com.br\/wp-content\/uploads\/2018\/11\/fotoaa.jpg 960w, https:\/\/diarioregionaldigital.com.br\/wp-content\/uploads\/2018\/11\/fotoaa-300x200.jpg 300w, https:\/\/diarioregionaldigital.com.br\/wp-content\/uploads\/2018\/11\/fotoaa-768x512.jpg 768w, https:\/\/diarioregionaldigital.com.br\/wp-content\/uploads\/2018\/11\/fotoaa-360x240.jpg 360w\" sizes=\"auto, (max-width: 680px) 100vw, 680px\" \/><p id=\"caption-attachment-125196\" class=\"wp-caption-text\">No Cascatinha em jantar em torno do teatr\u00f3logo Jo\u00e3o Falc\u00e3o, os atores M\u00e1rcia Mello, L\u00e9o Mota e Larissa Zimmermann<\/p><\/div>\n<div id=\"attachment_125197\" style=\"width: 690px\" class=\"wp-caption aligncenter\"><img loading=\"lazy\" decoding=\"async\" aria-describedby=\"caption-attachment-125197\" class=\"wp-image-125197\" src=\"https:\/\/diarioregionaldigital.com.br\/wp-content\/uploads\/2018\/11\/fotob-5-e1541715946390.jpg\" alt=\"\" width=\"680\" height=\"482\" srcset=\"https:\/\/diarioregionaldigital.com.br\/wp-content\/uploads\/2018\/11\/fotob-5-e1541715946390.jpg 876w, https:\/\/diarioregionaldigital.com.br\/wp-content\/uploads\/2018\/11\/fotob-5-e1541715946390-300x213.jpg 300w, https:\/\/diarioregionaldigital.com.br\/wp-content\/uploads\/2018\/11\/fotob-5-e1541715946390-768x544.jpg 768w, https:\/\/diarioregionaldigital.com.br\/wp-content\/uploads\/2018\/11\/fotob-5-e1541715946390-750x530.jpg 750w, https:\/\/diarioregionaldigital.com.br\/wp-content\/uploads\/2018\/11\/fotob-5-e1541715946390-360x255.jpg 360w, https:\/\/diarioregionaldigital.com.br\/wp-content\/uploads\/2018\/11\/fotob-5-e1541715946390-100x70.jpg 100w\" sizes=\"auto, (max-width: 680px) 100vw, 680px\" \/><p id=\"caption-attachment-125197\" class=\"wp-caption-text\">Na festa Fresch no Green Hill, os lindos Helena Simpson, Felipe de Paula e Dayana Morais<\/p><\/div>\n<div id=\"attachment_125198\" style=\"width: 690px\" class=\"wp-caption aligncenter\"><img loading=\"lazy\" decoding=\"async\" aria-describedby=\"caption-attachment-125198\" class=\"wp-image-125198\" src=\"https:\/\/diarioregionaldigital.com.br\/wp-content\/uploads\/2018\/11\/fotobb-1-e1541715964790.jpg\" alt=\"\" width=\"680\" height=\"430\" srcset=\"https:\/\/diarioregionaldigital.com.br\/wp-content\/uploads\/2018\/11\/fotobb-1-e1541715964790.jpg 849w, https:\/\/diarioregionaldigital.com.br\/wp-content\/uploads\/2018\/11\/fotobb-1-e1541715964790-300x190.jpg 300w, https:\/\/diarioregionaldigital.com.br\/wp-content\/uploads\/2018\/11\/fotobb-1-e1541715964790-768x486.jpg 768w, https:\/\/diarioregionaldigital.com.br\/wp-content\/uploads\/2018\/11\/fotobb-1-e1541715964790-360x228.jpg 360w, https:\/\/diarioregionaldigital.com.br\/wp-content\/uploads\/2018\/11\/fotobb-1-e1541715964790-490x310.jpg 490w\" sizes=\"auto, (max-width: 680px) 100vw, 680px\" \/><p id=\"caption-attachment-125198\" class=\"wp-caption-text\">Nas Granjas Beth\u00e2nia em ritmo Sertanejo, Arilson Rocha, Jo\u00e3o Victor, Milton, Jackeline e J\u00fanior<\/p><\/div>\n<div id=\"attachment_125199\" style=\"width: 690px\" class=\"wp-caption aligncenter\"><img loading=\"lazy\" decoding=\"async\" aria-describedby=\"caption-attachment-125199\" class=\"wp-image-125199\" src=\"https:\/\/diarioregionaldigital.com.br\/wp-content\/uploads\/2018\/11\/fotoc-5-e1541715983849.jpg\" alt=\"\" width=\"680\" height=\"498\" srcset=\"https:\/\/diarioregionaldigital.com.br\/wp-content\/uploads\/2018\/11\/fotoc-5-e1541715983849.jpg 955w, https:\/\/diarioregionaldigital.com.br\/wp-content\/uploads\/2018\/11\/fotoc-5-e1541715983849-300x220.jpg 300w, https:\/\/diarioregionaldigital.com.br\/wp-content\/uploads\/2018\/11\/fotoc-5-e1541715983849-768x563.jpg 768w, https:\/\/diarioregionaldigital.com.br\/wp-content\/uploads\/2018\/11\/fotoc-5-e1541715983849-360x264.jpg 360w\" sizes=\"auto, (max-width: 680px) 100vw, 680px\" \/><p id=\"caption-attachment-125199\" class=\"wp-caption-text\">O m\u00fasico Bruno Black direto da Uni\u00e3o das Cores faz sucesso nesta 6\u00aa feira maior<\/p><\/div>\n<div id=\"attachment_125200\" style=\"width: 690px\" class=\"wp-caption aligncenter\"><img loading=\"lazy\" decoding=\"async\" aria-describedby=\"caption-attachment-125200\" class=\"wp-image-125200\" src=\"https:\/\/diarioregionaldigital.com.br\/wp-content\/uploads\/2018\/11\/fotocc-1-e1541716000406.jpg\" alt=\"\" width=\"680\" height=\"464\" srcset=\"https:\/\/diarioregionaldigital.com.br\/wp-content\/uploads\/2018\/11\/fotocc-1-e1541716000406.jpg 787w, https:\/\/diarioregionaldigital.com.br\/wp-content\/uploads\/2018\/11\/fotocc-1-e1541716000406-300x205.jpg 300w, https:\/\/diarioregionaldigital.com.br\/wp-content\/uploads\/2018\/11\/fotocc-1-e1541716000406-768x524.jpg 768w, https:\/\/diarioregionaldigital.com.br\/wp-content\/uploads\/2018\/11\/fotocc-1-e1541716000406-360x246.jpg 360w\" sizes=\"auto, (max-width: 680px) 100vw, 680px\" \/><p id=\"caption-attachment-125200\" class=\"wp-caption-text\">Comemorando 7 anos da Ana\u2019s Modas, Cristiano Fernandes festejando com a propriet\u00e1ria Luciana Lopes<\/p><\/div>\n<div id=\"attachment_125202\" style=\"width: 690px\" class=\"wp-caption aligncenter\"><img loading=\"lazy\" decoding=\"async\" aria-describedby=\"caption-attachment-125202\" class=\"wp-image-125202\" src=\"https:\/\/diarioregionaldigital.com.br\/wp-content\/uploads\/2018\/11\/fotodd-e1541716037966.jpg\" alt=\"\" width=\"680\" height=\"477\" srcset=\"https:\/\/diarioregionaldigital.com.br\/wp-content\/uploads\/2018\/11\/fotodd-e1541716037966.jpg 936w, https:\/\/diarioregionaldigital.com.br\/wp-content\/uploads\/2018\/11\/fotodd-e1541716037966-300x210.jpg 300w, https:\/\/diarioregionaldigital.com.br\/wp-content\/uploads\/2018\/11\/fotodd-e1541716037966-768x539.jpg 768w, https:\/\/diarioregionaldigital.com.br\/wp-content\/uploads\/2018\/11\/fotodd-e1541716037966-360x253.jpg 360w, https:\/\/diarioregionaldigital.com.br\/wp-content\/uploads\/2018\/11\/fotodd-e1541716037966-100x70.jpg 100w\" sizes=\"auto, (max-width: 680px) 100vw, 680px\" \/><p id=\"caption-attachment-125202\" class=\"wp-caption-text\">Aniversariando Charles Miguel Combat com o irm\u00e3o rubro-negro Jonas Bonsanto<\/p><\/div>\n<div id=\"attachment_125203\" style=\"width: 690px\" class=\"wp-caption aligncenter\"><img loading=\"lazy\" decoding=\"async\" aria-describedby=\"caption-attachment-125203\" class=\"wp-image-125203\" src=\"https:\/\/diarioregionaldigital.com.br\/wp-content\/uploads\/2018\/11\/fotoe-5.jpg\" alt=\"\" width=\"680\" height=\"453\" srcset=\"https:\/\/diarioregionaldigital.com.br\/wp-content\/uploads\/2018\/11\/fotoe-5.jpg 1764w, https:\/\/diarioregionaldigital.com.br\/wp-content\/uploads\/2018\/11\/fotoe-5-300x200.jpg 300w, https:\/\/diarioregionaldigital.com.br\/wp-content\/uploads\/2018\/11\/fotoe-5-768x512.jpg 768w, https:\/\/diarioregionaldigital.com.br\/wp-content\/uploads\/2018\/11\/fotoe-5-1024x682.jpg 1024w, https:\/\/diarioregionaldigital.com.br\/wp-content\/uploads\/2018\/11\/fotoe-5-360x240.jpg 360w\" sizes=\"auto, (max-width: 680px) 100vw, 680px\" \/><p id=\"caption-attachment-125203\" class=\"wp-caption-text\">No Trade Hotel na noite dos Melhores de 2018, Marc\u00edlio Gomes, Sandra Portella, Elis\u00e2ngela Nogueira e Bruno da Nogueira<\/p><\/div>\n<p>&nbsp;<\/p>\n<div id=\"attachment_125206\" style=\"width: 690px\" class=\"wp-caption aligncenter\"><img loading=\"lazy\" decoding=\"async\" aria-describedby=\"caption-attachment-125206\" class=\"wp-image-125206\" src=\"https:\/\/diarioregionaldigital.com.br\/wp-content\/uploads\/2018\/11\/fotoh-4-e1541716106502.jpg\" alt=\"\" width=\"680\" height=\"514\" srcset=\"https:\/\/diarioregionaldigital.com.br\/wp-content\/uploads\/2018\/11\/fotoh-4-e1541716106502.jpg 718w, https:\/\/diarioregionaldigital.com.br\/wp-content\/uploads\/2018\/11\/fotoh-4-e1541716106502-300x227.jpg 300w, https:\/\/diarioregionaldigital.com.br\/wp-content\/uploads\/2018\/11\/fotoh-4-e1541716106502-360x272.jpg 360w\" sizes=\"auto, (max-width: 680px) 100vw, 680px\" \/><p id=\"caption-attachment-125206\" class=\"wp-caption-text\">Fazendo pit-stop no Rio de Janeiro, os lindos irm\u00e3os Caique Braga e Fl\u00e1via Braga<\/p><\/div>\n<p style=\"text-align: center;\"><strong>FOTOSS\u00cdNTESE<\/strong><\/p>\n<p>Ser\u00e1 no domingo, 11, a Feijoada do Bloco dos Carteiros, \u00e0s 12h, no Ol\u00edmpico Atl\u00e9tico Clube. Samba e Pagode com Carioca do Brejo. Individual R$25,00 e mesa de 4 lugares R$90,00.<\/p>\n<p>Para o dia 24 de novembro, \u00e0s 22h, a Sede Social da ASE ser\u00e1 palco para o baile Era Disco-Flash Back anos 70, 80 e 90. Nas Pick-Ups os gloriosos DJ\u2019s. Munrra e Coldhans.<\/p>\n<p>Termina na 6\u00aa feira, 9, o evento \u201cIntegra\u00e7\u00e3o Nacional\u201d, promovido pelo Instituto Hist\u00f3rico e Geogr\u00e1fico de Juiz de Fora, no Museu de Credito Real.<\/p>\n<p>Novembro Azul, homens devem fazer exame de pr\u00f3stata. C\u00e2ncer tem cura sim.<\/p>\n<p>Com agenda cheia, a diva Sandra Portella se apresenta no dia 12, no Botequim do Samba (Cidade do Samba RJ), no dia 14, no Primeiro Festival Carioca da Diversidade, no Terreir\u00e3o do Samba e no R\u00e9veillon do Cultural com a Banda Zona Blue. \u00d4ba!<\/p>\n<p>Jakeline Souza fez sucesso com sua palestra sobre Microagulhamento para alunos do Curso de Est\u00e9tica da Facsum\/JF. O evento fez parte da jornada Acad\u00eamica e teve como suporte a professora Elo\u00e1 Fernandes e o coordenador Paulinho Honoratto.<\/p>\n<p>Para os amantes de uma boa m\u00fasica, no dia 10 de novembro, \u00e0s 21h, o palco do Cine-Theatro Central recebe o maravilhoso show do Quarteto em Cy e Danilo Caymmi.<\/p>\n<p>Digno de elogios, o Procurador da Fazenda Daniel Giotti de Paula conquistou o segundo lugar no III Concurso de Monografias do Sindicato Nacional dos Procuradores da Fazenda Nacional (SINPROFAZ), com o tema \u201cA Cobran\u00e7a da D\u00edvida Ativa no Brasil e no Direito Comparado. A Compet\u00eancia Constitucionalmente Adequada Atribu\u00edda ao Poder p\u00fablico\u201d. Aplausos.<\/p>\n<p>Vanessa Barbosa Leite Ferreira do ACBEU, em parceria com o presidente do Clube Bom Pastor Carlos Augusto Bandeira Moraes, comemora o sucesso da noite Halloween realizada no famoso clube da zona Sul. O tom musical animad\u00edssimo foi Tuka\u2019s Band e DJ Grafitti.<\/p>\n<p>S\u00e1bado \u00e9 dia da Feijoada do Bacco Gastrobar no Victory Hotel com atra\u00e7\u00e3o musical. A partir das 12h, com pre\u00e7o de R$ 45,00.<\/p>\n<p>Com produ\u00e7\u00e3o multiplicada e em busca de novas linguagens, o Festival Primeiro Plano prossegue at\u00e9 dia 10, no Teatro Pachoal Carlos Magno. A organiza\u00e7\u00e3o \u00e9 do Luzes da Cidade formado por cin\u00e9filos e agitadores culturais de Juiz de Fora.<\/p>\n<p>Para animar a festa, a Banda Bem est\u00e1 surgindo na cidade formada por m\u00fasicos lindos e quer colocar o bloco na rua no carnaval 2019. \u00d4ba!<\/p>\n<p>Para ver e crer: \u201cPodeis reconhecer um mau cr\u00edtico porque ele come\u00e7a por falar do poeta e n\u00e3o do poema\u201d&#8230; (Ezra Pound &#8211; 01\/11\/72). Bom dia.<\/p>\n","protected":false},"excerpt":{"rendered":"<p>Bailando Juntando todos os p\u00e9s-de- valsa convictos, vai acontecer no dia 10 de novembro, \u00e0s 19h, o Buteco da Uni\u00e3o com o 1\u00ba Jantar Dan\u00e7ante. O tom musical ser\u00e1 do cantor Fernando Gaio e no card\u00e1pio, arroz, salpic\u00e3o, salada fria e pernil assado ao molho madeira. A quadra da Uni\u00e3o da Cores fica no bairro [&hellip;]<\/p>\n","protected":false},"author":96,"featured_media":125195,"comment_status":"closed","ping_status":"closed","sticky":false,"template":"","format":"standard","meta":{"footnotes":""},"categories":[264],"tags":[],"class_list":["post-125256","post","type-post","status-publish","format-standard","has-post-thumbnail","hentry","category-eduardo-gomes"],"_links":{"self":[{"href":"https:\/\/diarioregionaldigital.com.br\/index.php?rest_route=\/wp\/v2\/posts\/125256","targetHints":{"allow":["GET"]}}],"collection":[{"href":"https:\/\/diarioregionaldigital.com.br\/index.php?rest_route=\/wp\/v2\/posts"}],"about":[{"href":"https:\/\/diarioregionaldigital.com.br\/index.php?rest_route=\/wp\/v2\/types\/post"}],"author":[{"embeddable":true,"href":"https:\/\/diarioregionaldigital.com.br\/index.php?rest_route=\/wp\/v2\/users\/96"}],"replies":[{"embeddable":true,"href":"https:\/\/diarioregionaldigital.com.br\/index.php?rest_route=%2Fwp%2Fv2%2Fcomments&post=125256"}],"version-history":[{"count":0,"href":"https:\/\/diarioregionaldigital.com.br\/index.php?rest_route=\/wp\/v2\/posts\/125256\/revisions"}],"wp:featuredmedia":[{"embeddable":true,"href":"https:\/\/diarioregionaldigital.com.br\/index.php?rest_route=\/wp\/v2\/media\/125195"}],"wp:attachment":[{"href":"https:\/\/diarioregionaldigital.com.br\/index.php?rest_route=%2Fwp%2Fv2%2Fmedia&parent=125256"}],"wp:term":[{"taxonomy":"category","embeddable":true,"href":"https:\/\/diarioregionaldigital.com.br\/index.php?rest_route=%2Fwp%2Fv2%2Fcategories&post=125256"},{"taxonomy":"post_tag","embeddable":true,"href":"https:\/\/diarioregionaldigital.com.br\/index.php?rest_route=%2Fwp%2Fv2%2Ftags&post=125256"}],"curies":[{"name":"wp","href":"https:\/\/api.w.org\/{rel}","templated":true}]}}