{"id":125250,"date":"2018-11-08T19:55:31","date_gmt":"2018-11-08T21:55:31","guid":{"rendered":"https:\/\/diarioregionaldigital.com.br\/?p=125250"},"modified":"2018-11-08T19:55:31","modified_gmt":"2018-11-08T21:55:31","slug":"2019-o-melhor-ano-da-sua-empresa-1a-parte","status":"publish","type":"post","link":"https:\/\/diarioregionaldigital.com.br\/?p=125250","title":{"rendered":"2019, o melhor ano da sua empresa! 1\u00aa parte"},"content":{"rendered":"<p>Ol\u00e1 empreendedores e empreendedoras! J\u00e1 estamos em novembro e come\u00e7aremos uma s\u00e9rie de colunas sobre como ter um 2019 com mais dinheiro em caixa, estrutura de custos mais efetiva, processos bem formatados e vendas melhores.<\/p>\n<p>Ao fazer o planejamento para a sua empresa, as chances de sobreviver e gerar lucro s\u00e3o muito maiores. As dicas a seguir auxiliam muito e podem existir outras. Fa\u00e7a do seu jeito, com calma, com tempo e focado e o resultado ser\u00e1 ainda melhor.<\/p>\n<p>&nbsp;<\/p>\n<p><strong>Fa\u00e7a um diagn\u00f3stico da sua empresa<\/strong><\/p>\n<p>Como est\u00e1 hoje e onde quer chegar? Qual o objetivo final da estrat\u00e9gia? O que voc\u00ea quer alcan\u00e7ar para a sua empresa? Que processo pode ser modificado para se tornar melhor? Quais os desafios enfrentados e como eles ajudam no objetivo final? Deixe clara a proposta de valor, fa\u00e7a isso com um quadro de vis\u00e3o, miss\u00e3o e valores.<\/p>\n<p>Defina o organograma e as atividades de cada um e tamb\u00e9m o fluxograma de processos. Use uma planilha SWOT ou FOFA \u2013 For\u00e7a \/ Oportunidade \/ Fraqueza \/ Amea\u00e7a.<\/p>\n<p>&nbsp;<\/p>\n<p><strong>Plano de a\u00e7\u00e3o<\/strong><\/p>\n<p>Use o PDCA. Descubra o problema e planeje as melhorias. Engaje seu pessoal e execute o plano. Verifique os resultados. Aja! Deu certo? \u00d3timo! Precisa melhorar? Reinicie esse ciclo.<\/p>\n<p>&nbsp;<\/p>\n<p><strong>Defina seu p\u00fablico-alvo<\/strong><\/p>\n<p>Nenhuma empresa vende tudo pra todo mundo. Defina seu cliente, pergunte-se: qual o problema que eu resolvo? E para quem eu resolvo? Isso far\u00e1 voc\u00ea se comunicar de forma mais efetiva com seu cliente, assim como treinar seus colabores para o seu p\u00fablico.<\/p>\n<p>&nbsp;<\/p>\n<p><strong>Estabele\u00e7a metas<\/strong><\/p>\n<p>Metas devem ser ating\u00edveis. Pode-se basear nas vendas do ano passado e querer 15%, 20% a mais. Metas baixas desmotivam, muito altas tamb\u00e9m, seja justo e envolva toda a empresa para que a meta seja alcan\u00e7ada, e at\u00e9 superada!<\/p>\n<p>Ofere\u00e7o o ACERTEI, acr\u00f3stico criado pelo Dr. Carlos Lima, onde: A \u2013 Afirmativo (Pense no que quer que aconte\u00e7a) \/ C \u2013 Centrado na empresa (S\u00f3 pode depender da empresa) \/ E \u2013 Espec\u00edfica (Valor, quantidade) \/ R \u2013 Recursos (Que recursos ser\u00e3o necess\u00e1rios) \/ T \u2013 Temporiz\u00e1vel (Quando vai acontecer) \/ E \u2013 Ecol\u00f3gico (ecologia interna, de acordo com a cultura da empresa) \/ I \u2013 Imagin\u00e1vel (como ser\u00e1 quando for alcan\u00e7ada?)<\/p>\n<p>Sugiro que guarde esta e as pr\u00f3ximas colunas desta s\u00e9rie para que voc\u00ea tenha uma dire\u00e7\u00e3o a seguir. Uso isso em v\u00e1rios clientes que est\u00e3o obtendo resultados fant\u00e1sticos. Desejo prosperidade e at\u00e9 breve.<\/p>\n<p>&nbsp;<\/p>\n<div id=\"attachment_105741\" style=\"width: 323px\" class=\"wp-caption aligncenter\"><img loading=\"lazy\" decoding=\"async\" aria-describedby=\"caption-attachment-105741\" class=\"size-full wp-image-105741\" src=\"https:\/\/diarioregionaldigital.com.br\/wp-content\/uploads\/2018\/05\/ROG\u00c9RIO.jpg\" alt=\"\" width=\"313\" height=\"450\" srcset=\"https:\/\/diarioregionaldigital.com.br\/wp-content\/uploads\/2018\/05\/ROG\u00c9RIO.jpg 313w, https:\/\/diarioregionaldigital.com.br\/wp-content\/uploads\/2018\/05\/ROG\u00c9RIO-209x300.jpg 209w\" sizes=\"auto, (max-width: 313px) 100vw, 313px\" \/><p id=\"caption-attachment-105741\" class=\"wp-caption-text\">Rog\u00e9rio Paschoalino, Administrador, MBA em Administra\u00e7\u00e3o Estrat\u00e9gica, Consultor de Empresas e Diretor do Conselho Jovem da Associa\u00e7\u00e3o Comercial e empresarial de Juiz de Fora.<\/p><\/div>\n","protected":false},"excerpt":{"rendered":"<p>Ol\u00e1 empreendedores e empreendedoras! J\u00e1 estamos em novembro e come\u00e7aremos uma s\u00e9rie de colunas sobre como ter um 2019 com mais dinheiro em caixa, estrutura de custos mais efetiva, processos bem formatados e vendas melhores. Ao fazer o planejamento para a sua empresa, as chances de sobreviver e gerar lucro s\u00e3o muito maiores. As dicas [&hellip;]<\/p>\n","protected":false},"author":96,"featured_media":105741,"comment_status":"closed","ping_status":"closed","sticky":false,"template":"","format":"standard","meta":{"footnotes":""},"categories":[300,436,439],"tags":[],"class_list":["post-125250","post","type-post","status-publish","format-standard","has-post-thumbnail","hentry","category-coaches-club","category-destaque-da-semana","category-ultima-hora"],"_links":{"self":[{"href":"https:\/\/diarioregionaldigital.com.br\/index.php?rest_route=\/wp\/v2\/posts\/125250","targetHints":{"allow":["GET"]}}],"collection":[{"href":"https:\/\/diarioregionaldigital.com.br\/index.php?rest_route=\/wp\/v2\/posts"}],"about":[{"href":"https:\/\/diarioregionaldigital.com.br\/index.php?rest_route=\/wp\/v2\/types\/post"}],"author":[{"embeddable":true,"href":"https:\/\/diarioregionaldigital.com.br\/index.php?rest_route=\/wp\/v2\/users\/96"}],"replies":[{"embeddable":true,"href":"https:\/\/diarioregionaldigital.com.br\/index.php?rest_route=%2Fwp%2Fv2%2Fcomments&post=125250"}],"version-history":[{"count":0,"href":"https:\/\/diarioregionaldigital.com.br\/index.php?rest_route=\/wp\/v2\/posts\/125250\/revisions"}],"wp:featuredmedia":[{"embeddable":true,"href":"https:\/\/diarioregionaldigital.com.br\/index.php?rest_route=\/wp\/v2\/media\/105741"}],"wp:attachment":[{"href":"https:\/\/diarioregionaldigital.com.br\/index.php?rest_route=%2Fwp%2Fv2%2Fmedia&parent=125250"}],"wp:term":[{"taxonomy":"category","embeddable":true,"href":"https:\/\/diarioregionaldigital.com.br\/index.php?rest_route=%2Fwp%2Fv2%2Fcategories&post=125250"},{"taxonomy":"post_tag","embeddable":true,"href":"https:\/\/diarioregionaldigital.com.br\/index.php?rest_route=%2Fwp%2Fv2%2Ftags&post=125250"}],"curies":[{"name":"wp","href":"https:\/\/api.w.org\/{rel}","templated":true}]}}