{"id":125242,"date":"2018-11-09T08:30:35","date_gmt":"2018-11-09T10:30:35","guid":{"rendered":"https:\/\/diarioregionaldigital.com.br\/?p=125242"},"modified":"2018-11-09T09:37:29","modified_gmt":"2018-11-09T11:37:29","slug":"evento-de-adocao-do-canil-municipal-realiza-evento-de-adocao-no-sabado","status":"publish","type":"post","link":"https:\/\/diarioregionaldigital.com.br\/?p=125242","title":{"rendered":"Canil Municipal realiza evento de ado\u00e7\u00e3o de animais"},"content":{"rendered":"<p>O Canil Municipal promove mais um Evento de Ado\u00e7\u00e3o de Animais neste s\u00e1bado, 10, das 10g \u00e0s 14 horas, pela primeira vez em parceria com o Hospital Veterin\u00e1rio Estrada Real, que fica na Rua Alencar Trist\u00e3o, 287, Bairro Santa Terezinha. Esta \u00e9 a 11\u00aa edi\u00e7\u00e3o deste ano, que \u00e9 uma realiza\u00e7\u00e3o do Departamento Municipal de Limpeza Urbana (Demlurb), por meio do Departamento de Controle Animal (Dcan).<\/p>\n<p>Cerca de 20 animais, entre c\u00e3es e gatos, estar\u00e3o dispon\u00edveis para ado\u00e7\u00e3o. Segundo a gerente do Dcan, Miriam Neder \u201co evento \u00e9 importante para que os animais consigam encontrar um lar e tamb\u00e9m para divulgar o Canil Municipal\u201d.<\/p>\n<p>Aos interessados em adotar durante o evento, \u00e9 preciso apresentar documento oficial com foto. Volunt\u00e1rios e servidores do Canil Municipal v\u00e3o orientar sobre como ser\u00e3o feitas as sele\u00e7\u00f5es para ado\u00e7\u00e3o.<\/p>\n<p>Desde janeiro at\u00e9 outubro deste ano foram 384 animais adotados, sendo que o canil tem em m\u00e9dia 500 animais \u00e0 procura de um tutor. Todos eles foram resgatados em vias p\u00fablicas, a maioria em situa\u00e7\u00e3o de risco, doentes ou machucados.<\/p>\n<p>Fonte: PFJ<\/p>\n","protected":false},"excerpt":{"rendered":"<p>O Canil Municipal promove mais um Evento de Ado\u00e7\u00e3o de Animais neste s\u00e1bado, 10, das 10g \u00e0s 14 horas, pela primeira vez em parceria com o Hospital Veterin\u00e1rio Estrada Real, que fica na Rua Alencar Trist\u00e3o, 287, Bairro Santa Terezinha. Esta \u00e9 a 11\u00aa edi\u00e7\u00e3o deste ano, que \u00e9 uma realiza\u00e7\u00e3o do Departamento Municipal de [&hellip;]<\/p>\n","protected":false},"author":96,"featured_media":125243,"comment_status":"closed","ping_status":"closed","sticky":false,"template":"","format":"standard","meta":{"footnotes":""},"categories":[253,436,440,439],"tags":[],"class_list":["post-125242","post","type-post","status-publish","format-standard","has-post-thumbnail","hentry","category-cidade","category-destaque-da-semana","category-destaques-do-dia","category-ultima-hora"],"_links":{"self":[{"href":"https:\/\/diarioregionaldigital.com.br\/index.php?rest_route=\/wp\/v2\/posts\/125242","targetHints":{"allow":["GET"]}}],"collection":[{"href":"https:\/\/diarioregionaldigital.com.br\/index.php?rest_route=\/wp\/v2\/posts"}],"about":[{"href":"https:\/\/diarioregionaldigital.com.br\/index.php?rest_route=\/wp\/v2\/types\/post"}],"author":[{"embeddable":true,"href":"https:\/\/diarioregionaldigital.com.br\/index.php?rest_route=\/wp\/v2\/users\/96"}],"replies":[{"embeddable":true,"href":"https:\/\/diarioregionaldigital.com.br\/index.php?rest_route=%2Fwp%2Fv2%2Fcomments&post=125242"}],"version-history":[{"count":0,"href":"https:\/\/diarioregionaldigital.com.br\/index.php?rest_route=\/wp\/v2\/posts\/125242\/revisions"}],"wp:featuredmedia":[{"embeddable":true,"href":"https:\/\/diarioregionaldigital.com.br\/index.php?rest_route=\/wp\/v2\/media\/125243"}],"wp:attachment":[{"href":"https:\/\/diarioregionaldigital.com.br\/index.php?rest_route=%2Fwp%2Fv2%2Fmedia&parent=125242"}],"wp:term":[{"taxonomy":"category","embeddable":true,"href":"https:\/\/diarioregionaldigital.com.br\/index.php?rest_route=%2Fwp%2Fv2%2Fcategories&post=125242"},{"taxonomy":"post_tag","embeddable":true,"href":"https:\/\/diarioregionaldigital.com.br\/index.php?rest_route=%2Fwp%2Fv2%2Ftags&post=125242"}],"curies":[{"name":"wp","href":"https:\/\/api.w.org\/{rel}","templated":true}]}}