{"id":125227,"date":"2018-11-11T06:00:09","date_gmt":"2018-11-11T08:00:09","guid":{"rendered":"https:\/\/diarioregionaldigital.com.br\/?p=125227"},"modified":"2018-11-12T08:44:14","modified_gmt":"2018-11-12T10:44:14","slug":"comboio-do-bem-inicia-projeto-para-arrecadar-brinquedos-para-criancas-neste-natal","status":"publish","type":"post","link":"https:\/\/diarioregionaldigital.com.br\/?p=125227","title":{"rendered":"\u201cComboio do Bem\u201d inicia projeto para arrecadar brinquedos para crian\u00e7as neste Natal"},"content":{"rendered":"<p>Mais um ano o \u201cComboio do Bem\u201d tenta tornar o Natal das crian\u00e7as mais que especial. O projeto, que mant\u00e9m a tradi\u00e7\u00e3o de doar brinquedos e divertir crian\u00e7as especiais h\u00e1 18 anos, iniciou no fim do \u00faltimo m\u00eas o apadrinhamento dos pedidos de Natal. Em 2018, ser\u00e3o 494 cartinhas distribu\u00eddas pela cidade e que ser\u00e3o atendidas no dia 7 de dezembro, beneficiando alunos da Apae JF, da Escola Estadual Maria das Dores, do Instituto Bruno e do Instituto Vit\u00f3ria.<\/p>\n<p>Ao todo, as 494 cartinhas somam cerca de 2 mil pedidos que, neste ano, t\u00eam, em sua maioria, itens como brinquedos, roupas, t\u00eanis, mochilas, bon\u00e9s e material escolar. Outra meta do projeto \u00e9 oferecer um total de 3 mil fraldas \u00e0s quatro institui\u00e7\u00f5es escolhidas no dia da a\u00e7\u00e3o.<\/p>\n<p>Nascida de um gesto de nobreza do radialista William Pimentel, conhecido popularmente como William Boy, quando adotou, em 2000, 30 cartinhas, a a\u00e7\u00e3o social sempre buscou emtodos os anos atender as vontades das crian\u00e7as atrav\u00e9s das cartinhas escritas por elas ao Papai Noel. \u201cA alegria que \u00e9 estampada nos sorrisos ou nos olhos, porque muitas n\u00e3o conseguem se expressar pela fala, mas por gestos, isso n\u00e3o tem pre\u00e7o. A retribui\u00e7\u00e3o est\u00e1 em um abra\u00e7o, em um beijo ou com um muito obrigado, ou at\u00e9 mesmo aquelas que nos olham e nos agradecem dessa maneira\u201d, destacou William.<\/p>\n<p>Ainda de acordo com ele, a a\u00e7\u00e3o, que foi idealizada com a ajuda de grandes amigos, tem o intuito de incentivar outras pessoas a realizarem outras iniciativas durante todo o ano. \u201cEu falo que o resultado deste trabalho valeu todas as noites em claro, todos os \u201cn\u00e3o\u201d ouvidos, e tamb\u00e9m os \u201csim\u201d. Na hora, a gente chora e a gente rir, e descobre quem ganha o maior presente somos todos n\u00f3s\u201d, frisou o radialista.<\/p>\n<p><strong>Dia da entrega<\/strong><\/p>\n<p>Todos os presentes ser\u00e3o entregues no dia 7 de dezembro por um grande comboio de ve\u00edculos, formado por motos, viaturas e caminh\u00f5es de \u00f3rg\u00e3os de esferas municipais, estaduais e federais. Al\u00e9m das entidades parceiras, o comboio tamb\u00e9m conta com carros particulares de volunt\u00e1rios. Estar\u00e3o presentes tamb\u00e9m os mascotes, como o Bombeirinho, do Corpode Bombeiros; o PM Amigo Legal, da Pol\u00edcia Militar; o Tirinha, da Pol\u00edciaCivil; Z\u00e9 Patrulha, da PRF; Samuzinho e Samuzetes, do SAMU; eCarteirinho, dos Correios, juntamente com dois Papais No\u00e9is e uma Mam\u00e3e Noel.<\/p>\n<p>A sa\u00edda do Comboio do Bem est\u00e1 marcada \u00e0s 7h30, do 4\u00ba Batalh\u00e3o de Bombeiros Militar (localizado na Avenida Brasil, na regi\u00e3o central de Juiz de Fora).A a\u00e7\u00e3o tem programa\u00e7\u00e3o durante todo o dia, com previs\u00e3o de encerramento \u00e0s 16h.<\/p>\n<p><strong>Como ajudar<\/strong><\/p>\n<p>As cartas estar\u00e3o dispon\u00edveis com os organizadores da iniciativa at\u00e9 a \u00faltima semana de novembro. Quem n\u00e3o puder ler e separar uma cartinha ou n\u00e3o conseguiram comprar o presente, tamb\u00e9m existe a op\u00e7\u00e3o de contribuir com dinheiro.\u201cNormalmente, fazemos uma m\u00e9dia de R$40 porcartinha. Umas custam menos, outras mais. Mas qualquer quantia \u00e9 muito bem vinda\u201d, disse William.<\/p>\n<p>Os meios de contato com o Comboio do Bem s\u00e3o: Facebook:facebook.com\/ComboiodoBem ou telefone: (32) 9 9965-8095. Em caso dedoa\u00e7\u00f5es em dinheiro, os dados banc\u00e1rios s\u00e3o: Ag\u00eancia: 2251, ContaCorrente: 20.691-0, Opera\u00e7\u00e3o: 001, Banco: Caixa Econ\u00f4mica Federal.<\/p>\n<p><strong>\u00a0\u00a0\u00a0\u00a0\u00a0\u00a0\u00a0\u00a0\u00a0\u00a0\u00a0 <\/strong><\/p>\n","protected":false},"excerpt":{"rendered":"<p>Mais um ano o \u201cComboio do Bem\u201d tenta tornar o Natal das crian\u00e7as mais que especial. O projeto, que mant\u00e9m a tradi\u00e7\u00e3o de doar brinquedos e divertir crian\u00e7as especiais h\u00e1 18 anos, iniciou no fim do \u00faltimo m\u00eas o apadrinhamento dos pedidos de Natal. Em 2018, ser\u00e3o 494 cartinhas distribu\u00eddas pela cidade e que ser\u00e3o [&hellip;]<\/p>\n","protected":false},"author":96,"featured_media":125380,"comment_status":"closed","ping_status":"closed","sticky":false,"template":"","format":"standard","meta":{"footnotes":""},"categories":[253,436,440,439],"tags":[],"class_list":["post-125227","post","type-post","status-publish","format-standard","has-post-thumbnail","hentry","category-cidade","category-destaque-da-semana","category-destaques-do-dia","category-ultima-hora"],"_links":{"self":[{"href":"https:\/\/diarioregionaldigital.com.br\/index.php?rest_route=\/wp\/v2\/posts\/125227","targetHints":{"allow":["GET"]}}],"collection":[{"href":"https:\/\/diarioregionaldigital.com.br\/index.php?rest_route=\/wp\/v2\/posts"}],"about":[{"href":"https:\/\/diarioregionaldigital.com.br\/index.php?rest_route=\/wp\/v2\/types\/post"}],"author":[{"embeddable":true,"href":"https:\/\/diarioregionaldigital.com.br\/index.php?rest_route=\/wp\/v2\/users\/96"}],"replies":[{"embeddable":true,"href":"https:\/\/diarioregionaldigital.com.br\/index.php?rest_route=%2Fwp%2Fv2%2Fcomments&post=125227"}],"version-history":[{"count":0,"href":"https:\/\/diarioregionaldigital.com.br\/index.php?rest_route=\/wp\/v2\/posts\/125227\/revisions"}],"wp:featuredmedia":[{"embeddable":true,"href":"https:\/\/diarioregionaldigital.com.br\/index.php?rest_route=\/wp\/v2\/media\/125380"}],"wp:attachment":[{"href":"https:\/\/diarioregionaldigital.com.br\/index.php?rest_route=%2Fwp%2Fv2%2Fmedia&parent=125227"}],"wp:term":[{"taxonomy":"category","embeddable":true,"href":"https:\/\/diarioregionaldigital.com.br\/index.php?rest_route=%2Fwp%2Fv2%2Fcategories&post=125227"},{"taxonomy":"post_tag","embeddable":true,"href":"https:\/\/diarioregionaldigital.com.br\/index.php?rest_route=%2Fwp%2Fv2%2Ftags&post=125227"}],"curies":[{"name":"wp","href":"https:\/\/api.w.org\/{rel}","templated":true}]}}