{"id":125225,"date":"2018-11-08T19:07:29","date_gmt":"2018-11-08T21:07:29","guid":{"rendered":"https:\/\/diarioregionaldigital.com.br\/?p=125225"},"modified":"2018-11-08T19:07:29","modified_gmt":"2018-11-08T21:07:29","slug":"dolar-fecha-estavel-ibovespa-em-queda-de-239","status":"publish","type":"post","link":"https:\/\/diarioregionaldigital.com.br\/?p=125225","title":{"rendered":"D\u00f3lar fecha est\u00e1vel; Ibovespa em queda de 2,39%"},"content":{"rendered":"<p>Depois de oscilar entre duas altas seguidas e uma queda nessa quarta-feira, 7, a cota\u00e7\u00e3o da moeda norte-americana encerrou hoje, 8, est\u00e1vel, cotada a R$ 3,7383 para venda. O Banco Central mant\u00e9m a pol\u00edtica tradicional de <em>swaps<\/em>cambial, sem ofertas extraordin\u00e1rias de venda futura do d\u00f3lar.<\/p>\n<p>O Ibovespa, o \u00edndice da B3, encerrou em baixa de 2,39%, com 85.620 pontos. A tend\u00eancia de queda ocorreu nas a\u00e7\u00f5es das principais empresas, como Petrobras com menos 3,61%, Vale com desvaloriza\u00e7\u00e3o de 0,99%, Ita\u00fa com queda de 1,38% e Bradesco em baixa de 2,09%.<\/p>\n<p>Fonte: Ag\u00eancia Brasil<\/p>\n","protected":false},"excerpt":{"rendered":"<p>Depois de oscilar entre duas altas seguidas e uma queda nessa quarta-feira, 7, a cota\u00e7\u00e3o da moeda norte-americana encerrou hoje, 8, est\u00e1vel, cotada a R$ 3,7383 para venda. O Banco Central mant\u00e9m a pol\u00edtica tradicional de swapscambial, sem ofertas extraordin\u00e1rias de venda futura do d\u00f3lar. O Ibovespa, o \u00edndice da B3, encerrou em baixa de [&hellip;]<\/p>\n","protected":false},"author":96,"featured_media":109748,"comment_status":"closed","ping_status":"closed","sticky":false,"template":"","format":"standard","meta":{"footnotes":""},"categories":[436,261,439],"tags":[],"class_list":["post-125225","post","type-post","status-publish","format-standard","has-post-thumbnail","hentry","category-destaque-da-semana","category-economia","category-ultima-hora"],"_links":{"self":[{"href":"https:\/\/diarioregionaldigital.com.br\/index.php?rest_route=\/wp\/v2\/posts\/125225","targetHints":{"allow":["GET"]}}],"collection":[{"href":"https:\/\/diarioregionaldigital.com.br\/index.php?rest_route=\/wp\/v2\/posts"}],"about":[{"href":"https:\/\/diarioregionaldigital.com.br\/index.php?rest_route=\/wp\/v2\/types\/post"}],"author":[{"embeddable":true,"href":"https:\/\/diarioregionaldigital.com.br\/index.php?rest_route=\/wp\/v2\/users\/96"}],"replies":[{"embeddable":true,"href":"https:\/\/diarioregionaldigital.com.br\/index.php?rest_route=%2Fwp%2Fv2%2Fcomments&post=125225"}],"version-history":[{"count":0,"href":"https:\/\/diarioregionaldigital.com.br\/index.php?rest_route=\/wp\/v2\/posts\/125225\/revisions"}],"wp:featuredmedia":[{"embeddable":true,"href":"https:\/\/diarioregionaldigital.com.br\/index.php?rest_route=\/wp\/v2\/media\/109748"}],"wp:attachment":[{"href":"https:\/\/diarioregionaldigital.com.br\/index.php?rest_route=%2Fwp%2Fv2%2Fmedia&parent=125225"}],"wp:term":[{"taxonomy":"category","embeddable":true,"href":"https:\/\/diarioregionaldigital.com.br\/index.php?rest_route=%2Fwp%2Fv2%2Fcategories&post=125225"},{"taxonomy":"post_tag","embeddable":true,"href":"https:\/\/diarioregionaldigital.com.br\/index.php?rest_route=%2Fwp%2Fv2%2Ftags&post=125225"}],"curies":[{"name":"wp","href":"https:\/\/api.w.org\/{rel}","templated":true}]}}