{"id":125222,"date":"2018-11-08T19:01:32","date_gmt":"2018-11-08T21:01:32","guid":{"rendered":"https:\/\/diarioregionaldigital.com.br\/?p=125222"},"modified":"2018-11-08T19:01:32","modified_gmt":"2018-11-08T21:01:32","slug":"moro-quer-plano-anticrime-simples-para-rapida-aprovacao-no-congresso","status":"publish","type":"post","link":"https:\/\/diarioregionaldigital.com.br\/?p=125222","title":{"rendered":"Moro quer plano anticrime simples para r\u00e1pida aprova\u00e7\u00e3o no Congresso"},"content":{"rendered":"<p>O juiz federal Sergio Moro se reuniu na tarde de hoje, 8, com o ministro da Justi\u00e7a, Torquato Jardim, para discutir a transi\u00e7\u00e3o de governo. Em janeiro, Moro assumir\u00e1 o\u00a0superminist\u00e9rio da Justi\u00e7a e da Seguran\u00e7a P\u00fablica no governo de Jair Bolsonaro. O futuro ministro disse que a insatisfa\u00e7\u00e3o popular com a seguran\u00e7a foi um recado dado\u00a0pelas urnas e o momento do pa\u00eds pede a aprova\u00e7\u00e3o de medidas legislativas para &#8220;equacionar&#8221; o problema.<\/p>\n<p>&#8220;As elei\u00e7\u00f5es transmitiram um recado que h\u00e1 uma insatisfa\u00e7\u00e3o grande da popula\u00e7\u00e3o com a seguran\u00e7a p\u00fablica, que \u00e9 um problema s\u00e9rio, dif\u00edcil de ser tratado, e precisa ser\u00a0equacionado. Em parte, equacionado por medidas executivas, independentemente de leis, mas \u00e9 um momento prop\u00edcio para apresenta\u00e7\u00e3o de um projeto legislativo&#8221;, afirmou.<\/p>\n<h2>Dez medidas<\/h2>\n<p>Moro acrescentou que parte das 10 medidas de combate \u00e0 corrup\u00e7\u00e3o, apresentadas pelo Minist\u00e9rio P\u00fablico, poder\u00e3o ser resgatadas em um pacote legislativo que ser\u00e1\u00a0submetido ao Congresso, mas outros pontos ser\u00e3o descartados. Ele n\u00e3o quis detalhar o que ser\u00e1 levado adiante.<\/p>\n<p>&#8220;Seria p\u00e9ssimo adiantar algumas dessas ideias sem que elas estivessem suficientemente amadurecidas. (&#8230;) A ideia \u00e9 um plano forte, mas simples, para que seja aprovado\u00a0em tempo breve no Congresso. [Um plano] anticorrup\u00e7\u00e3o e anticrime organizado. S\u00e3o as duas prioridades da pr\u00f3xima gest\u00e3o&#8221;.<\/p>\n<p>Perguntado sobre a superlota\u00e7\u00e3o dos pres\u00eddios do pa\u00eds, Moro admitiu que \u00e9 preciso criar vagas no setor, e defendeu um endurecimento para quem pratica crimes graves. &#8220;\u00c9\u00a0inequ\u00edvoco que existe, no sistema carcer\u00e1rio, muitas vezes, um tratamento leniente, a meu ver, para crimes praticados com extrema gravidade. Casos de homic\u00eddio\u00a0qualificado, de pessoas que ficam poucos anos presos em regime fechado. Para esse tipo de crime, tem que haver um endurecimento&#8221;, acrescentou.<\/p>\n<h2>Continuidade<\/h2>\n<p>O encontro de Torquato e Moro durou menos de uma hora. Em r\u00e1pidas palavras, o atual ministro desejou sorte ao juiz e disse que, se ele conseguir repetir a atua\u00e7\u00e3o\u00a0&#8220;brilhante&#8221; que teve na magistratura, tamb\u00e9m ter\u00e1 sucesso \u00e0 frente da pasta.<\/p>\n<p>Sergio Moro ressaltou que quer dar continuidade ao trabalho que vem sendo realizado na \u00e1rea e aprofundar o que ele considera os avan\u00e7os dos \u00faltimos anos. &#8220;A inten\u00e7\u00e3o \u00e9\u00a0dar continuidade ao bom trabalho que vem sendo realizado, aos bons projetos que est\u00e3o sendo executados, para evitar a\u00ed perda de continuidade. N\u00e3o sou daqueles que assumem\u00a0reclamando que existe uma heran\u00e7a maldita&#8221;, disse.<\/p>\n<p>Fonte: Ag\u00eancia Brasil<\/p>\n","protected":false},"excerpt":{"rendered":"<p>O juiz federal Sergio Moro se reuniu na tarde de hoje, 8, com o ministro da Justi\u00e7a, Torquato Jardim, para discutir a transi\u00e7\u00e3o de governo. Em janeiro, Moro assumir\u00e1 o\u00a0superminist\u00e9rio da Justi\u00e7a e da Seguran\u00e7a P\u00fablica no governo de Jair Bolsonaro. O futuro ministro disse que a insatisfa\u00e7\u00e3o popular com a seguran\u00e7a foi um recado [&hellip;]<\/p>\n","protected":false},"author":96,"featured_media":125223,"comment_status":"closed","ping_status":"closed","sticky":false,"template":"","format":"standard","meta":{"footnotes":""},"categories":[436,254,439],"tags":[],"class_list":["post-125222","post","type-post","status-publish","format-standard","has-post-thumbnail","hentry","category-destaque-da-semana","category-politica","category-ultima-hora"],"_links":{"self":[{"href":"https:\/\/diarioregionaldigital.com.br\/index.php?rest_route=\/wp\/v2\/posts\/125222","targetHints":{"allow":["GET"]}}],"collection":[{"href":"https:\/\/diarioregionaldigital.com.br\/index.php?rest_route=\/wp\/v2\/posts"}],"about":[{"href":"https:\/\/diarioregionaldigital.com.br\/index.php?rest_route=\/wp\/v2\/types\/post"}],"author":[{"embeddable":true,"href":"https:\/\/diarioregionaldigital.com.br\/index.php?rest_route=\/wp\/v2\/users\/96"}],"replies":[{"embeddable":true,"href":"https:\/\/diarioregionaldigital.com.br\/index.php?rest_route=%2Fwp%2Fv2%2Fcomments&post=125222"}],"version-history":[{"count":0,"href":"https:\/\/diarioregionaldigital.com.br\/index.php?rest_route=\/wp\/v2\/posts\/125222\/revisions"}],"wp:featuredmedia":[{"embeddable":true,"href":"https:\/\/diarioregionaldigital.com.br\/index.php?rest_route=\/wp\/v2\/media\/125223"}],"wp:attachment":[{"href":"https:\/\/diarioregionaldigital.com.br\/index.php?rest_route=%2Fwp%2Fv2%2Fmedia&parent=125222"}],"wp:term":[{"taxonomy":"category","embeddable":true,"href":"https:\/\/diarioregionaldigital.com.br\/index.php?rest_route=%2Fwp%2Fv2%2Fcategories&post=125222"},{"taxonomy":"post_tag","embeddable":true,"href":"https:\/\/diarioregionaldigital.com.br\/index.php?rest_route=%2Fwp%2Fv2%2Ftags&post=125222"}],"curies":[{"name":"wp","href":"https:\/\/api.w.org\/{rel}","templated":true}]}}