{"id":125191,"date":"2018-11-08T15:22:32","date_gmt":"2018-11-08T17:22:32","guid":{"rendered":"https:\/\/diarioregionaldigital.com.br\/?p=125191"},"modified":"2018-11-08T15:22:32","modified_gmt":"2018-11-08T17:22:32","slug":"juan-renova-contrato-ate-o-fim-do-campeonato-carioca","status":"publish","type":"post","link":"https:\/\/diarioregionaldigital.com.br\/?p=125191","title":{"rendered":"Juan renova contrato at\u00e9 o fim do Campeonato Carioca"},"content":{"rendered":"<p>Ainda se recuperando de grave les\u00e3o, o experiente zagueiro Juan renovou contrato com o Flamengo at\u00e9 o fim de 2019. Com isso, o defensor permanece no elenco rubro-negro at\u00e9 o fim do Campeonato Carioca de 2019, quando deve anunciar sua aposentadoria.<\/p>\n<p>Em princ\u00edpio, Juan se aposentaria no fim desta temporada, mas uma ruptura do tend\u00e3o de Aquiles o fez passar por uma cirurgia. Com isso, o zagueiro ter\u00e1 tempo de se recuperar para fazer sua despedida no clube que iniciou a carreira.<\/p>\n<p>Ap\u00f3s come\u00e7ar no Fla, Juan passou longo per\u00edodo no futebol italiano, onde atuou pela Roma.\u00a0 De volta ao Brasil, passou um per\u00edodo no Internacional antes de voltar ao rubro-negro carioca, em 2016. Neste ano, o defensor atuou apenas 18 vezes e sua \u00faltima partida foi na\u00a0 derrota por 2 a 0 para o Gr\u00eamio, pelo Campeonato Brasileiro.<\/p>\n<p>Fonte: Flamengo<\/p>\n","protected":false},"excerpt":{"rendered":"<p>Ainda se recuperando de grave les\u00e3o, o experiente zagueiro Juan renovou contrato com o Flamengo at\u00e9 o fim de 2019. Com isso, o defensor permanece no elenco rubro-negro at\u00e9 o fim do Campeonato Carioca de 2019, quando deve anunciar sua aposentadoria. Em princ\u00edpio, Juan se aposentaria no fim desta temporada, mas uma ruptura do tend\u00e3o [&hellip;]<\/p>\n","protected":false},"author":96,"featured_media":125192,"comment_status":"closed","ping_status":"closed","sticky":false,"template":"","format":"standard","meta":{"footnotes":""},"categories":[257,439],"tags":[],"class_list":["post-125191","post","type-post","status-publish","format-standard","has-post-thumbnail","hentry","category-esporte","category-ultima-hora"],"_links":{"self":[{"href":"https:\/\/diarioregionaldigital.com.br\/index.php?rest_route=\/wp\/v2\/posts\/125191","targetHints":{"allow":["GET"]}}],"collection":[{"href":"https:\/\/diarioregionaldigital.com.br\/index.php?rest_route=\/wp\/v2\/posts"}],"about":[{"href":"https:\/\/diarioregionaldigital.com.br\/index.php?rest_route=\/wp\/v2\/types\/post"}],"author":[{"embeddable":true,"href":"https:\/\/diarioregionaldigital.com.br\/index.php?rest_route=\/wp\/v2\/users\/96"}],"replies":[{"embeddable":true,"href":"https:\/\/diarioregionaldigital.com.br\/index.php?rest_route=%2Fwp%2Fv2%2Fcomments&post=125191"}],"version-history":[{"count":0,"href":"https:\/\/diarioregionaldigital.com.br\/index.php?rest_route=\/wp\/v2\/posts\/125191\/revisions"}],"wp:featuredmedia":[{"embeddable":true,"href":"https:\/\/diarioregionaldigital.com.br\/index.php?rest_route=\/wp\/v2\/media\/125192"}],"wp:attachment":[{"href":"https:\/\/diarioregionaldigital.com.br\/index.php?rest_route=%2Fwp%2Fv2%2Fmedia&parent=125191"}],"wp:term":[{"taxonomy":"category","embeddable":true,"href":"https:\/\/diarioregionaldigital.com.br\/index.php?rest_route=%2Fwp%2Fv2%2Fcategories&post=125191"},{"taxonomy":"post_tag","embeddable":true,"href":"https:\/\/diarioregionaldigital.com.br\/index.php?rest_route=%2Fwp%2Fv2%2Ftags&post=125191"}],"curies":[{"name":"wp","href":"https:\/\/api.w.org\/{rel}","templated":true}]}}