{"id":125176,"date":"2018-11-11T06:00:18","date_gmt":"2018-11-11T08:00:18","guid":{"rendered":"https:\/\/diarioregionaldigital.com.br\/?p=125176"},"modified":"2018-11-08T11:27:46","modified_gmt":"2018-11-08T13:27:46","slug":"conheca-todos-os-atrativos-na-rota-caminhos-do-imigrante-no-espirito-santo","status":"publish","type":"post","link":"https:\/\/diarioregionaldigital.com.br\/?p=125176","title":{"rendered":"Conhe\u00e7a todos os atrativos na Rota Caminhos do Imigrante no Esp\u00edrito Santo"},"content":{"rendered":"<p>J\u00e1 que ainda temos um feriad\u00e3o pela frente, essa semana a sugest\u00e3o \u00e9 para mais perto de nossa cidade. A Rota Caminhos do Imigrante no Esp\u00edrito Santo.<\/p>\n<p>Um caminho onde a tradi\u00e7\u00e3o e a beleza dos munic\u00edpios se encontram. Um caminho que tem muita hist\u00f3ria para contar, seja pelos seus imigrantes ou seus visitantes. A Rota Caminhos do Imigrante proporciona divers\u00e3o e uma aula de cultura para quem procura conhecer um pouco de suas ra\u00edzes ou, at\u00e9 mesmo, para aprender mais sobre o Esp\u00edrito Santo.<\/p>\n<p>Partindo de Cariacica, chegando at\u00e9 Praia Grande, em Fund\u00e3o, A Rota Caminhos do Imigrante \u00e9 um roteiro inesquec\u00edvel em torno de 8 munic\u00edpios do Esp\u00edrito Santo, cheio de surpresas, com um clima superagrad\u00e1vel e um povo bastante acolhedor.<\/p>\n<p>Venha e descubra cachoeiras maravilhosas, paisagens indescrit\u00edveis, lugares hist\u00f3ricos e muita divers\u00e3o. N\u00e3o perca esse caminho.<\/p>\n<p><strong>CARIACICA \u2013<\/strong> natureza, cultura e hist\u00f3ria num s\u00f3 lugar. Quem visita o munic\u00edpio se depara com muitas surpresas: belezas naturais como a Reserva Biol\u00f3gica de Duas Bocas, o Monte Mochuara e uma ampla \u00e1rea de manguezal preservada.<\/p>\n<p>A \u00e1rea rural compreende 50% do territ\u00f3rio do munic\u00edpio, que \u00e9 palco de tradi\u00e7\u00f5es, hist\u00f3ria e cultura. A pr\u00e1tica de esportes de aventura \u00e9 uma tend\u00eancia natural do munic\u00edpio, como o voo livre. \u00c9 um cen\u00e1rio ideal para caminhadas ecol\u00f3gicas, cavalgadas e passeios diversos. Algumas propriedades oferecem atividades de lazer, com diversidade e \u00f3tima qualidade de atendimento. A produ\u00e7\u00e3o artesanal \u00e9 rica e in\u00e9dita, como pe\u00e7as de alum\u00ednio reciclado e os trabalhos de fibra de bananeira.<\/p>\n<p><strong>SANTA LEOPOLDINA \u2013<\/strong> ber\u00e7o europeu em terra capixaba. Desde o s\u00e9culo XIX, a cidade \u00e9 parada obrigat\u00f3ria para quem passa por l\u00e1. Seja com a chegada dos primeiros imigrantes: su\u00ed\u00e7os, alem\u00e3es, italianos, dentre outros ou pela visita de D. Pedro II, o imperador do Brasil.<\/p>\n<div id=\"attachment_125179\" style=\"width: 1034px\" class=\"wp-caption alignnone\"><img loading=\"lazy\" decoding=\"async\" aria-describedby=\"caption-attachment-125179\" class=\"wp-image-125179 size-full\" src=\"https:\/\/diarioregionaldigital.com.br\/wp-content\/uploads\/2018\/11\/foto-03-1.jpg\" alt=\"\" width=\"1024\" height=\"682\" \/><p id=\"caption-attachment-125179\" class=\"wp-caption-text\">Santa Leopoldina \u00e9 uma das seis cidades que fazem parte desta regi\u00e3o e \u00e9 bastante prop\u00edcia para a pr\u00e1tica de esportes em meio \u00e0s montanhas e para contemplar a natureza &#8211; Foto: Divulga\u00e7\u00e3o<\/p><\/div>\n<p>Santa Leopoldina \u00e9 um munic\u00edpio que conserva seu ambiente tipicamente colonial. Possui um dos maiores acervos arquitet\u00f4nicos constru\u00eddos no final do s\u00e9culo XIX e in\u00edcio do s\u00e9culo XX. Conhecida como \u201cCidade das \u00e1guas\u201d, Santa Leopoldina \u00e9 um verdadeiro para\u00edso ecol\u00f3gico com exuber\u00e2ncia de cachoeiras, fauna e flora e diversidade \u00e9tnica, que conferem \u00e0 regi\u00e3o a grande potencialidade de turismo, cultura, lazer e pr\u00e1tica de esportes radicais. Conhe\u00e7a as belezas naturais, culturais, folcl\u00f3ricas e arquitet\u00f4nicas, numa terra onde se fala o \u201cpomerano, alem\u00e3o e portugu\u00eas\u201d.<\/p>\n<div id=\"attachment_125180\" style=\"width: 1034px\" class=\"wp-caption alignnone\"><img loading=\"lazy\" decoding=\"async\" aria-describedby=\"caption-attachment-125180\" class=\"wp-image-125180 size-full\" src=\"https:\/\/diarioregionaldigital.com.br\/wp-content\/uploads\/2018\/11\/foto-04.jpg\" alt=\"\" width=\"1024\" height=\"682\" \/><p id=\"caption-attachment-125180\" class=\"wp-caption-text\">Santa Leopoldina tem estrutura completa para ofe\u00acrecer diversas atividades de esportes e aventura como trekking, montanhismo, cicloturismo, quadriciclo, caminhada e voo livre &#8211; Foto: Divulga\u00e7\u00e3o<\/p><\/div>\n<p><strong>SANTA MARIA DE JETIB\u00c1 \u2013 O MUNIC\u00cdPIO MAIS POMERANO DO Brasil.<\/strong> Grande parte da popula\u00e7\u00e3o da cidade \u00e9 descendente de imigrantes pomeranos, oriundo de uma regi\u00e3o da Europa denominada Pomer\u00e2nia. Em 1859, Santa Maria de Jetib\u00e1 recebe os primeiros imigrantes, o que \u00e9 considerado um marco da cultura pomerana no Brasil. A preserva\u00e7\u00e3o dos costumes e da identidade do povo pomerano est\u00e1 intimamente ligada \u00e0 conserva\u00e7\u00e3o da l\u00edngua pomerana a gera\u00e7\u00f5es futuras, motivando um imenso movimento por parte dos grupos no sentido de evidenciarem a cultura de seus antepassados, atrav\u00e9s da dan\u00e7a, da m\u00fasica, das manifesta\u00e7\u00f5es populares e da gastronomia.<\/p>\n<p>O munic\u00edpio \u00e9 um caldeir\u00e3o de cultura, expressa nos costumes, nas tradi\u00e7\u00f5es, na m\u00fasica, na dan\u00e7a, no folclore, nos acontecimentos programados, na gastronomia e na arquitetura. Al\u00e9m da cultura forte, o munic\u00edpio apresenta uma diversidade de recursos naturais e uma economia consolidada na agricultura, que proporciona diversas pr\u00e1ticas do turismo: cultural, de aventura, ecol\u00f3gico, de agroturismo, turismo rural, de eventos, entre outras. Visitar Santa Maria de Jetib\u00e1 \u00e9 entrar num espa\u00e7o geogr\u00e1fico com um dos melhores climas do mundo, que aliado \u00e0s belezas naturais e arquitetura, proporciona ao visitante a sensa\u00e7\u00e3o de estar numa cidade europeia.<\/p>\n<p><strong>S\u00c3O ROQUE DO CANA\u00c3 \u2013<\/strong> belezas em forma de cachoeiras e tradi\u00e7\u00e3o em alambiques. Localizada a 120 km da capital Vit\u00f3ria, S\u00e3o Roque do Cana\u00e3 apresenta um clima muito agrad\u00e1vel, devido a varia\u00e7\u00e3o de sua altitude. Seu relevo tamb\u00e9m proporciona um ambiente embelezado por montanhas e vales, onde se destacam in\u00fameras pedreiras ladeadas pela Mata Atl\u00e2ntica. O munic\u00edpio \u00e9 cortado pelos Rios Santa Maria do Rio Doce, Rio Santa J\u00falia, Mutum e seus afluentes. Esses rios, sendo de montanhas, contribuem na forma\u00e7\u00e3o de exuberantes cachoeiras.<\/p>\n<p>S\u00e3o Roque do Cana\u00e3 tem uma popula\u00e7\u00e3o muito acolhedora. Possui hot\u00e9is, restaurantes, lanchonetes e diversas lojas.<\/p>\n<p><strong>SANTA TERESA \u2013<\/strong> o beija-flor do Esp\u00edrito Santo. A Rota Caminhos do Imigrante passa agora pela primeira cidade brasileira fundada por imigrantes italianos. Santa Teresa possui belezas indescrit\u00edveis como seus vales, cachoeiras, rochedos, orqu\u00eddeas raras e colibris. Imagine passear por lugares que inspiram romances e por uma regi\u00e3o onde se encontra um dos maiores \u00edndices de biodiversidade do mundo. Assim \u00e9 Santa Teresa, com suas trilhas que levam a paisagens deslumbrantes, cachoeiras e suas tr\u00eas reservas naturais: Reserva Biol\u00f3gica Augusto Ruschi, Reserva Florestal Santa L\u00facia e a Reserva Municipal de S\u00e3o Louren\u00e7o. N\u00e3o deixe de conhecer o Vale do Cana\u00e3, o Vale Caravaggio e o Vale das Tabocas.<\/p>\n<div id=\"attachment_125178\" style=\"width: 1034px\" class=\"wp-caption alignnone\"><img loading=\"lazy\" decoding=\"async\" aria-describedby=\"caption-attachment-125178\" class=\"wp-image-125178 size-full\" src=\"https:\/\/diarioregionaldigital.com.br\/wp-content\/uploads\/2018\/11\/foto-02-2.jpg\" alt=\"\" width=\"1024\" height=\"682\" \/><p id=\"caption-attachment-125178\" class=\"wp-caption-text\">Pelo roteiro \u00e9 poss\u00edvel conhecer Santa Teresa, uma cidade que possui belezas indescrit\u00edveis como seus vales, cachoeiras, rochedos, orqu\u00eddeas raras e colibris &#8211; Foto: Divulga\u00e7\u00e3o<\/p><\/div>\n<p>Vale a pena visitar o Museu de Biologia professor Mello Leit\u00e3o e seu fascinante acervo cient\u00edfico de plantas e animais, com pesquisas desenvolvidas pelo cientista Augusto Ruschi. Ber\u00e7o de pesquisas com colibris, esse museu refor\u00e7a a marca do beija-flor como s\u00edmbolo do munic\u00edpio. Uma regi\u00e3o cheia de tradi\u00e7\u00f5es, resultado da mistura das culturas de imigrantes italianos, alem\u00e3es, su\u00ed\u00e7os e poloneses. Visite as propriedades do agroturismo ou passe na Galeria do Artesanato e leve um pouco de Santa Teresa para casa.<\/p>\n<p><strong>FUND\u00c3O \u2013<\/strong> belezas e aventuras da montanha ao mar. A Rota Caminhos do Imigrante chega at\u00e9 Fund\u00e3o. Um para\u00edso a ser descoberto e que possui o que o Esp\u00edrito Santo tem de melhor. O munic\u00edpio \u00e9 a defini\u00e7\u00e3o perfeita de uma das maiores caracter\u00edsticas do Estado: a proximidade do mar com as montanhas. Fund\u00e3o \u00e9 o \u00fanico munic\u00edpio do estado que oferece praia e montanha dentro de seu pr\u00f3prio territ\u00f3rio, contando ainda com a natureza exuberante, al\u00e9m do rico passado cultural deixado por seus antepassados, sejam estes europeus, africanos ou \u00edndios.<\/p>\n<p>Mesmo sendo interiorana, a cidade n\u00e3o deixa de oferecer toda uma rede de servi\u00e7os necess\u00e1rios ao desenvolvimento tur\u00edstico do munic\u00edpio. Desse modo, Fund\u00e3o se apresenta como um munic\u00edpio com voca\u00e7\u00e3o tur\u00edstica, agregando valores fundamentais ao turismo hist\u00f3rico-cultural, sol e praia, agroturismo, ecoturismo, turismo de aventura e tamb\u00e9m turismo social e de lazer. Alguns pontos se destacam, como: Praia Grande, Praia do Rio Preto, Enseada das Gar\u00e7as, o Parque Municipal do Goiapaba.<\/p>\n<p>A Rota Caminhos do imigrante \u00e9 formada por todas essas cidades citadas. S\u00e3o v\u00e1rios quil\u00f4metros de belezas naturais. Aqui o visitante vai encontrar um cen\u00e1rio perfeito com praias, montanhas, bares, restaurantes. Uma \u00f3tima estrutura hoteleira para visitantes de todo Brasil e do mundo.<\/p>\n<p><em>Conhe\u00e7a esse roteiro de rara beleza e uma cultura marcante.<\/em><\/p>\n","protected":false},"excerpt":{"rendered":"<p>J\u00e1 que ainda temos um feriad\u00e3o pela frente, essa semana a sugest\u00e3o \u00e9 para mais perto de nossa cidade. A Rota Caminhos do Imigrante no Esp\u00edrito Santo. Um caminho onde a tradi\u00e7\u00e3o e a beleza dos munic\u00edpios se encontram. Um caminho que tem muita hist\u00f3ria para contar, seja pelos seus imigrantes ou seus visitantes. A [&hellip;]<\/p>\n","protected":false},"author":96,"featured_media":0,"comment_status":"closed","ping_status":"closed","sticky":false,"template":"","format":"standard","meta":{"footnotes":""},"categories":[284],"tags":[],"class_list":["post-125176","post","type-post","status-publish","format-standard","hentry","category-turismo-rosa-oliveira"],"_links":{"self":[{"href":"https:\/\/diarioregionaldigital.com.br\/index.php?rest_route=\/wp\/v2\/posts\/125176","targetHints":{"allow":["GET"]}}],"collection":[{"href":"https:\/\/diarioregionaldigital.com.br\/index.php?rest_route=\/wp\/v2\/posts"}],"about":[{"href":"https:\/\/diarioregionaldigital.com.br\/index.php?rest_route=\/wp\/v2\/types\/post"}],"author":[{"embeddable":true,"href":"https:\/\/diarioregionaldigital.com.br\/index.php?rest_route=\/wp\/v2\/users\/96"}],"replies":[{"embeddable":true,"href":"https:\/\/diarioregionaldigital.com.br\/index.php?rest_route=%2Fwp%2Fv2%2Fcomments&post=125176"}],"version-history":[{"count":0,"href":"https:\/\/diarioregionaldigital.com.br\/index.php?rest_route=\/wp\/v2\/posts\/125176\/revisions"}],"wp:attachment":[{"href":"https:\/\/diarioregionaldigital.com.br\/index.php?rest_route=%2Fwp%2Fv2%2Fmedia&parent=125176"}],"wp:term":[{"taxonomy":"category","embeddable":true,"href":"https:\/\/diarioregionaldigital.com.br\/index.php?rest_route=%2Fwp%2Fv2%2Fcategories&post=125176"},{"taxonomy":"post_tag","embeddable":true,"href":"https:\/\/diarioregionaldigital.com.br\/index.php?rest_route=%2Fwp%2Fv2%2Ftags&post=125176"}],"curies":[{"name":"wp","href":"https:\/\/api.w.org\/{rel}","templated":true}]}}