{"id":125173,"date":"2018-11-11T06:00:30","date_gmt":"2018-11-11T08:00:30","guid":{"rendered":"https:\/\/diarioregionaldigital.com.br\/?p=125173"},"modified":"2018-11-08T11:23:02","modified_gmt":"2018-11-08T13:23:02","slug":"inss-podera-ser-obrigado-a-recorrer-a-outros-orgaos-para-acelerar-pericias","status":"publish","type":"post","link":"https:\/\/diarioregionaldigital.com.br\/?p=125173","title":{"rendered":"INSS poder\u00e1 ser obrigado a recorrer a outros \u00f3rg\u00e3os para acelerar per\u00edcias"},"content":{"rendered":"<p>A Comiss\u00e3o de Assuntos Sociais (CAS) do Senado aprovou um projeto que obriga o Instituto Nacional do Seguro Social (INSS) a celebrar acordos com outros \u00f3rg\u00e3os, a fim de atender a demanda dos segurados que necessitem de per\u00edcia m\u00e9dica.<\/p>\n<p>Nos casos de impossibilidade de realiza\u00e7\u00e3o de per\u00edcia m\u00e9dica, de incapacidade f\u00edsica ou t\u00e9cnica de implementa\u00e7\u00e3o das atividades e de atendimento adequado \u00e0 clientela da Previd\u00eancia Social, a proposta prev\u00ea que o INSS ficar\u00e1 obrigado a buscar a celebra\u00e7\u00e3o de conv\u00eanios, termos de execu\u00e7\u00e3o descentralizada, termos de fomento ou de colabora\u00e7\u00e3o ou ainda acordos de coopera\u00e7\u00e3o t\u00e9cnica para a realiza\u00e7\u00e3o do exame, sem \u00f4nus para os segurados.<\/p>\n<p>Trata-se do PLS 154\/2018, de iniciativa da senadora Vanessa Grazziotin (PCdoB-AM) e relatado pelo senador Cidinho Santos (PR-MT). O projeto seguiu para decis\u00e3o terminativa da Comiss\u00e3o de Constitui\u00e7\u00e3o, Justi\u00e7a e Cidadania (CCJ).<\/p>\n<p><em>Fonte: Ag\u00eancia Senado<\/em><\/p>\n","protected":false},"excerpt":{"rendered":"<p>A Comiss\u00e3o de Assuntos Sociais (CAS) do Senado aprovou um projeto que obriga o Instituto Nacional do Seguro Social (INSS) a celebrar acordos com outros \u00f3rg\u00e3os, a fim de atender a demanda dos segurados que necessitem de per\u00edcia m\u00e9dica. Nos casos de impossibilidade de realiza\u00e7\u00e3o de per\u00edcia m\u00e9dica, de incapacidade f\u00edsica ou t\u00e9cnica de implementa\u00e7\u00e3o [&hellip;]<\/p>\n","protected":false},"author":96,"featured_media":0,"comment_status":"closed","ping_status":"closed","sticky":false,"template":"","format":"standard","meta":{"footnotes":""},"categories":[261,439],"tags":[],"class_list":["post-125173","post","type-post","status-publish","format-standard","hentry","category-economia","category-ultima-hora"],"_links":{"self":[{"href":"https:\/\/diarioregionaldigital.com.br\/index.php?rest_route=\/wp\/v2\/posts\/125173","targetHints":{"allow":["GET"]}}],"collection":[{"href":"https:\/\/diarioregionaldigital.com.br\/index.php?rest_route=\/wp\/v2\/posts"}],"about":[{"href":"https:\/\/diarioregionaldigital.com.br\/index.php?rest_route=\/wp\/v2\/types\/post"}],"author":[{"embeddable":true,"href":"https:\/\/diarioregionaldigital.com.br\/index.php?rest_route=\/wp\/v2\/users\/96"}],"replies":[{"embeddable":true,"href":"https:\/\/diarioregionaldigital.com.br\/index.php?rest_route=%2Fwp%2Fv2%2Fcomments&post=125173"}],"version-history":[{"count":0,"href":"https:\/\/diarioregionaldigital.com.br\/index.php?rest_route=\/wp\/v2\/posts\/125173\/revisions"}],"wp:attachment":[{"href":"https:\/\/diarioregionaldigital.com.br\/index.php?rest_route=%2Fwp%2Fv2%2Fmedia&parent=125173"}],"wp:term":[{"taxonomy":"category","embeddable":true,"href":"https:\/\/diarioregionaldigital.com.br\/index.php?rest_route=%2Fwp%2Fv2%2Fcategories&post=125173"},{"taxonomy":"post_tag","embeddable":true,"href":"https:\/\/diarioregionaldigital.com.br\/index.php?rest_route=%2Fwp%2Fv2%2Ftags&post=125173"}],"curies":[{"name":"wp","href":"https:\/\/api.w.org\/{rel}","templated":true}]}}