{"id":125170,"date":"2018-11-11T06:00:02","date_gmt":"2018-11-11T08:00:02","guid":{"rendered":"https:\/\/diarioregionaldigital.com.br\/?p=125170"},"modified":"2018-11-08T11:20:19","modified_gmt":"2018-11-08T13:20:19","slug":"presidente-do-senado-afirma-que-reforma-da-previdencia-deve-ser-encaminhada-pelo-novo-governo","status":"publish","type":"post","link":"https:\/\/diarioregionaldigital.com.br\/?p=125170","title":{"rendered":"Presidente do Senado afirma que reforma da Previd\u00eancia deve ser encaminhada pelo novo governo"},"content":{"rendered":"<p>Para o presidente do Senado, Eun\u00edcio Oliveira, as reformas que o Brasil precisa enfrentar nos pr\u00f3ximos anos deveriam ser elaboradas e enviadas ao Congresso pela equipe do presidente eleito, Jair Bolsonaro, em sintonia com o que deseja o povo brasileiro.<\/p>\n<p>H\u00e1 um movimento para que o Parlamento aprove ainda neste ano as altera\u00e7\u00f5es \u00e0s regras da Previd\u00eancia encaminhadas pelo presidente da Rep\u00fablica, Michel Temer, na Proposta de Emenda \u00e0 Constitui\u00e7\u00e3o (PEC) 287\/2016. O texto aguarda vota\u00e7\u00e3o no Plen\u00e1rio da C\u00e2mara e institui, entre outros pontos, idade m\u00ednima de 62 anos para mulheres e 65 anos para homens se aposentarem.<\/p>\n<p>&#8220;Na minha opini\u00e3o pessoal, acho que essa reforma da Previd\u00eancia, e qualquer outra reforma, devem ser encaminhadas ao Congresso pelo presidente eleito, pela sua equipe. Qual a reforma que o presidente eleito deseja? Qual \u00e9 o sentimento que veio das ruas em rela\u00e7\u00e3o a esse novo Congresso para fazer as reformas no Brasil?&#8221;, afirmou.<\/p>\n<p>O senador lembrou que os congressistas est\u00e3o proibidos de modificar a Carta Magna enquanto vigorar a interven\u00e7\u00e3o no Rio de Janeiro. Seria preciso levant\u00e1-la, votar a proposta em dois turnos na C\u00e2mara, sem quebra de interst\u00edcio, e s\u00f3 ent\u00e3o envi\u00e1-la para o Senado, onde tamb\u00e9m cumpriria todo o rito.<\/p>\n<p>&#8220;Acho que precisamos ter um pouco de paci\u00eancia para que isso [aprova\u00e7\u00e3o da PEC] possa acontecer. N\u00e3o tenho obje\u00e7\u00e3o a tramitar qualquer mat\u00e9ria, mas eu sou regimentalista, jurei \u00e0 Constitui\u00e7\u00e3o e a ela devo obedi\u00eancia&#8221;, salientou.<\/p>\n<p><em>Fonte: Ag\u00eancia Senado<\/em><\/p>\n","protected":false},"excerpt":{"rendered":"<p>Para o presidente do Senado, Eun\u00edcio Oliveira, as reformas que o Brasil precisa enfrentar nos pr\u00f3ximos anos deveriam ser elaboradas e enviadas ao Congresso pela equipe do presidente eleito, Jair Bolsonaro, em sintonia com o que deseja o povo brasileiro. H\u00e1 um movimento para que o Parlamento aprove ainda neste ano as altera\u00e7\u00f5es \u00e0s regras [&hellip;]<\/p>\n","protected":false},"author":96,"featured_media":0,"comment_status":"closed","ping_status":"closed","sticky":false,"template":"","format":"standard","meta":{"footnotes":""},"categories":[261,439],"tags":[],"class_list":["post-125170","post","type-post","status-publish","format-standard","hentry","category-economia","category-ultima-hora"],"_links":{"self":[{"href":"https:\/\/diarioregionaldigital.com.br\/index.php?rest_route=\/wp\/v2\/posts\/125170","targetHints":{"allow":["GET"]}}],"collection":[{"href":"https:\/\/diarioregionaldigital.com.br\/index.php?rest_route=\/wp\/v2\/posts"}],"about":[{"href":"https:\/\/diarioregionaldigital.com.br\/index.php?rest_route=\/wp\/v2\/types\/post"}],"author":[{"embeddable":true,"href":"https:\/\/diarioregionaldigital.com.br\/index.php?rest_route=\/wp\/v2\/users\/96"}],"replies":[{"embeddable":true,"href":"https:\/\/diarioregionaldigital.com.br\/index.php?rest_route=%2Fwp%2Fv2%2Fcomments&post=125170"}],"version-history":[{"count":0,"href":"https:\/\/diarioregionaldigital.com.br\/index.php?rest_route=\/wp\/v2\/posts\/125170\/revisions"}],"wp:attachment":[{"href":"https:\/\/diarioregionaldigital.com.br\/index.php?rest_route=%2Fwp%2Fv2%2Fmedia&parent=125170"}],"wp:term":[{"taxonomy":"category","embeddable":true,"href":"https:\/\/diarioregionaldigital.com.br\/index.php?rest_route=%2Fwp%2Fv2%2Fcategories&post=125170"},{"taxonomy":"post_tag","embeddable":true,"href":"https:\/\/diarioregionaldigital.com.br\/index.php?rest_route=%2Fwp%2Fv2%2Ftags&post=125170"}],"curies":[{"name":"wp","href":"https:\/\/api.w.org\/{rel}","templated":true}]}}