{"id":125161,"date":"2018-11-08T10:54:12","date_gmt":"2018-11-08T12:54:12","guid":{"rendered":"https:\/\/diarioregionaldigital.com.br\/?p=125161"},"modified":"2018-11-08T10:54:12","modified_gmt":"2018-11-08T12:54:12","slug":"desconto-extra-no-ipva-sera-concedido-a-partir-de-2019","status":"publish","type":"post","link":"https:\/\/diarioregionaldigital.com.br\/?p=125161","title":{"rendered":"Desconto extra no IPVA ser\u00e1 concedido a partir de 2019"},"content":{"rendered":"<p>O Imposto sobre a Propriedade de Ve\u00edculos Automotores (IPVA) de 2019 vir\u00e1 com um desconto autom\u00e1tico de 3% para o contribuinte de Minas Gerais que pagou rigorosamente em dia este tributo e tamb\u00e9m a Taxa de Renova\u00e7\u00e3o do Licenciamento Anual de Ve\u00edculos (TRLAV) e demais d\u00e9bitos &#8211; como multas e Seguro Dpvat &#8211; de 2017 e 2018. Al\u00e9m desse benef\u00edcio, est\u00e1 mantido o desconto de 3% para o pagamento do IPVA em parcela \u00fanica.<\/p>\n<p>O benef\u00edcio ao \u201cbom pagador\u201d foi institu\u00eddo em 2017 pela Secretaria de Estado de Fazenda de Minas Gerais (SEF\/MG) tendo como condi\u00e7\u00e3o para usufru\u00ed-lo a adimpl\u00eancia quanto aos tributos estaduais e demais obriga\u00e7\u00f5es relativas ao ve\u00edculo por dois exerc\u00edcios consecutivos &#8211; situa\u00e7\u00e3o comprovada mediante o recebimento do Certificado de Registro e Licenciamento de Ve\u00edculo (CRLV) no prazo determinado pelo Departamento de Tr\u00e2nsito de Minas Gerais (Detran\/MG).<\/p>\n<p>O propriet\u00e1rio de ve\u00edculo que, porventura, n\u00e3o esteja apto a receber o desconto em 2019, poder\u00e1 fazer jus no futuro &#8211;\u00a0 desde que regularize a situa\u00e7\u00e3o por dois exerc\u00edcios consecutivos -, uma vez que o programa n\u00e3o tem prazo de validade.<\/p>\n<p>Vale ressaltar que o desconto \u00e9 por RENAVAM, portanto acompanha cada ve\u00edculo e n\u00e3o o propriet\u00e1rio. Isso significa que quem comprar um ve\u00edculo cujo propriet\u00e1rio anterior manteve-se adimplente \u201cherdar\u00e1\u201d o benef\u00edcio.<\/p>\n<h3>Desconto cumulativo<\/h3>\n<p>A SEF\/MG refor\u00e7a que o desconto de 3% para o pagamento do IPVA \u00e0 vista est\u00e1 mantido e \u00e9 cumulativo. Neste caso, o desconto pela quita\u00e7\u00e3o do imposto em parcela \u00fanica ser\u00e1 aplicado sobre o valor j\u00e1 emitido com o benef\u00edcio do \u201cbom pagador\u201d. Por exemplo, um IPVA de R$ 1.000 ser\u00e1 emitido para o \u201cbom pagador\u201d por R$ 970, e caso seja pago em parcela \u00fanica, ter\u00e1 mais 3% de desconto (R$ 29,10). O valor a ser pago, nessa hip\u00f3tese, ser\u00e1 de R$ 940,90.<\/p>\n<h3>Condi\u00e7\u00f5es<\/h3>\n<p>Relativamente ao exerc\u00edcio financeiro de 2017, para fins de aferi\u00e7\u00e3o do per\u00edodo aquisitivo, ser\u00e1 considerado em situa\u00e7\u00e3o de total adimpl\u00eancia o contribuinte que quitou o IPVA e a TRLAV e teve seu ve\u00edculo licenciado at\u00e9 31 de outubro de 2017, verificado por meio da emiss\u00e3o do CRLV.<\/p>\n<p>Para o exerc\u00edcio de 2018, o contribuinte deve ter quitado o IPVA e a TRLAV at\u00e9 a data de vencimento estabelecida no calend\u00e1rio divulgado pela SEF\/MG. A emiss\u00e3o do CRLV deve ter se dado at\u00e9 o prazo estipulado pela Portaria 406\/2018 do DETRAN\/MG, que estabeleceu o cronograma de cobran\u00e7a do documento de 2018.<\/p>\n<p>Como o desconto de 3% ser\u00e1 concedido automaticamente, n\u00e3o haver\u00e1 necessidade de o propriet\u00e1rio fazer qualquer solicita\u00e7\u00e3o pr\u00e9via. O benef\u00edcio tamb\u00e9m independe da forma escolhida para quita\u00e7\u00e3o do IPVA \u2013 parcelado ou em cota \u00fanica. A vantagem de se pagar \u00e0 vista \u00e9 fazer jus aos dois descontos.<\/p>\n<p>A consulta ao desconto de &#8220;bom pagador&#8221; para o IPVA 2019 estar\u00e1 dispon\u00edvel na p\u00e1gina da SEF\/MG, na segunda quinzena de novembro de 2018.<\/p>\n<p><em>Fonte: Minist\u00e9rio da Fazenda<\/em><\/p>\n","protected":false},"excerpt":{"rendered":"<p>O Imposto sobre a Propriedade de Ve\u00edculos Automotores (IPVA) de 2019 vir\u00e1 com um desconto autom\u00e1tico de 3% para o contribuinte de Minas Gerais que pagou rigorosamente em dia este tributo e tamb\u00e9m a Taxa de Renova\u00e7\u00e3o do Licenciamento Anual de Ve\u00edculos (TRLAV) e demais d\u00e9bitos &#8211; como multas e Seguro Dpvat &#8211; de 2017 [&hellip;]<\/p>\n","protected":false},"author":96,"featured_media":0,"comment_status":"closed","ping_status":"closed","sticky":false,"template":"","format":"standard","meta":{"footnotes":""},"categories":[261,439],"tags":[],"class_list":["post-125161","post","type-post","status-publish","format-standard","hentry","category-economia","category-ultima-hora"],"_links":{"self":[{"href":"https:\/\/diarioregionaldigital.com.br\/index.php?rest_route=\/wp\/v2\/posts\/125161","targetHints":{"allow":["GET"]}}],"collection":[{"href":"https:\/\/diarioregionaldigital.com.br\/index.php?rest_route=\/wp\/v2\/posts"}],"about":[{"href":"https:\/\/diarioregionaldigital.com.br\/index.php?rest_route=\/wp\/v2\/types\/post"}],"author":[{"embeddable":true,"href":"https:\/\/diarioregionaldigital.com.br\/index.php?rest_route=\/wp\/v2\/users\/96"}],"replies":[{"embeddable":true,"href":"https:\/\/diarioregionaldigital.com.br\/index.php?rest_route=%2Fwp%2Fv2%2Fcomments&post=125161"}],"version-history":[{"count":0,"href":"https:\/\/diarioregionaldigital.com.br\/index.php?rest_route=\/wp\/v2\/posts\/125161\/revisions"}],"wp:attachment":[{"href":"https:\/\/diarioregionaldigital.com.br\/index.php?rest_route=%2Fwp%2Fv2%2Fmedia&parent=125161"}],"wp:term":[{"taxonomy":"category","embeddable":true,"href":"https:\/\/diarioregionaldigital.com.br\/index.php?rest_route=%2Fwp%2Fv2%2Fcategories&post=125161"},{"taxonomy":"post_tag","embeddable":true,"href":"https:\/\/diarioregionaldigital.com.br\/index.php?rest_route=%2Fwp%2Fv2%2Ftags&post=125161"}],"curies":[{"name":"wp","href":"https:\/\/api.w.org\/{rel}","templated":true}]}}