{"id":125158,"date":"2018-11-08T10:39:46","date_gmt":"2018-11-08T12:39:46","guid":{"rendered":"https:\/\/diarioregionaldigital.com.br\/?p=125158"},"modified":"2018-11-08T10:39:46","modified_gmt":"2018-11-08T12:39:46","slug":"colisao-entre-onibus-escolar-e-caminhao-deixa-mais-de-20-feridos-na-rodovia-mg-482","status":"publish","type":"post","link":"https:\/\/diarioregionaldigital.com.br\/?p=125158","title":{"rendered":"Colis\u00e3o entre \u00f4nibus escolar e caminh\u00e3o deixa mais de 20 feridos na rodovia MG-482"},"content":{"rendered":"<p>Uma colis\u00e3o frontal envolvendo um caminh\u00e3o ba\u00fa e um \u00f4nibus escolar deixou mais de 20 pessoas feridas, na noite dessa quarta-feira, 7, na rodovia MG-482, entre as cidades de Fervedouro e Carangola. O motorista do caminh\u00e3o ficou preso em meio \u00e0s ferragens da cabine e foi resgatado por bombeiros do Pelot\u00e3o de Muria\u00e9, com apoio do Samu, que o encaminhou para atendimento m\u00e9dico. O homem estava l\u00facido, mas n\u00e3o foram informados detalhes sobre os ferimentos.<\/p>\n<p>No momento da batida o coletivo levava universit\u00e1rios de Fervedouro que estudam em Carangola e o caminh\u00e3o trafegava no sentido oposto. Em contato com a R\u00e1dio Muria\u00e9, o bombeiros, sargento Milane, relatou que segundo informa\u00e7\u00f5es colhidas por sua equipe no local do acidente, aproximadamente 30 pessoas estavam no \u00f4nibus e 22 delas ficaram feridas, sendo 18 v\u00edtimas socorridas ao hospital Santa B\u00e1rbara, em Fervedouro, e quatro levadas \u00e0 Casa de Caridade de Carangola.<\/p>\n<p>N\u00e3o h\u00e1 informa\u00e7\u00f5es oficiais sobre o estado de sa\u00fade das v\u00edtimas, e conforme dados preliminares, uma delas teria sofrido uma les\u00e3o mais preocupante na face, mas sem risco de morte, e as demais apenas ferimentos leves.<\/p>\n<p>Policiais militares controlaram o tr\u00e2nsito no local e deram apoio \u00e0s equipes de socorro at\u00e9 a chegada da Pol\u00edcia Militar Rodovi\u00e1ria (PMR), que assumiu o registro da ocorr\u00eancia.<\/p>\n<p>As causas do acidente ser\u00e3o apuradas, e avalia\u00e7\u00f5es iniciais apontam que o caminh\u00e3o teria invadido a pista contr\u00e1ria.<\/p>\n<p><em>Fonte: R\u00e1dio Muria\u00e9\u00a0<\/em><\/p>\n","protected":false},"excerpt":{"rendered":"<p>Uma colis\u00e3o frontal envolvendo um caminh\u00e3o ba\u00fa e um \u00f4nibus escolar deixou mais de 20 pessoas feridas, na noite dessa quarta-feira, 7, na rodovia MG-482, entre as cidades de Fervedouro e Carangola. O motorista do caminh\u00e3o ficou preso em meio \u00e0s ferragens da cabine e foi resgatado por bombeiros do Pelot\u00e3o de Muria\u00e9, com apoio [&hellip;]<\/p>\n","protected":false},"author":96,"featured_media":0,"comment_status":"closed","ping_status":"closed","sticky":false,"template":"","format":"standard","meta":{"footnotes":""},"categories":[252,439],"tags":[],"class_list":["post-125158","post","type-post","status-publish","format-standard","hentry","category-regiao","category-ultima-hora"],"_links":{"self":[{"href":"https:\/\/diarioregionaldigital.com.br\/index.php?rest_route=\/wp\/v2\/posts\/125158","targetHints":{"allow":["GET"]}}],"collection":[{"href":"https:\/\/diarioregionaldigital.com.br\/index.php?rest_route=\/wp\/v2\/posts"}],"about":[{"href":"https:\/\/diarioregionaldigital.com.br\/index.php?rest_route=\/wp\/v2\/types\/post"}],"author":[{"embeddable":true,"href":"https:\/\/diarioregionaldigital.com.br\/index.php?rest_route=\/wp\/v2\/users\/96"}],"replies":[{"embeddable":true,"href":"https:\/\/diarioregionaldigital.com.br\/index.php?rest_route=%2Fwp%2Fv2%2Fcomments&post=125158"}],"version-history":[{"count":0,"href":"https:\/\/diarioregionaldigital.com.br\/index.php?rest_route=\/wp\/v2\/posts\/125158\/revisions"}],"wp:attachment":[{"href":"https:\/\/diarioregionaldigital.com.br\/index.php?rest_route=%2Fwp%2Fv2%2Fmedia&parent=125158"}],"wp:term":[{"taxonomy":"category","embeddable":true,"href":"https:\/\/diarioregionaldigital.com.br\/index.php?rest_route=%2Fwp%2Fv2%2Fcategories&post=125158"},{"taxonomy":"post_tag","embeddable":true,"href":"https:\/\/diarioregionaldigital.com.br\/index.php?rest_route=%2Fwp%2Fv2%2Ftags&post=125158"}],"curies":[{"name":"wp","href":"https:\/\/api.w.org\/{rel}","templated":true}]}}