{"id":125155,"date":"2018-11-08T10:34:48","date_gmt":"2018-11-08T12:34:48","guid":{"rendered":"https:\/\/diarioregionaldigital.com.br\/?p=125155"},"modified":"2018-11-08T11:04:12","modified_gmt":"2018-11-08T13:04:12","slug":"supermercados-bh-chega-a-juiz-de-fora","status":"publish","type":"post","link":"https:\/\/diarioregionaldigital.com.br\/?p=125155","title":{"rendered":"Supermercados BH chega a Juiz de Fora"},"content":{"rendered":"<p>A rede Supermercados BH, maior supermercadista de Minas Gerais e a s\u00e9tima maior rede do Brasil, chega a Juiz de Fora. A previs\u00e3o \u00e9 que a loja seja inaugurada em 2019, no Shopping Jardim Norte.<\/p>\n<p>O mercado est\u00e1 presente em mais de 48 cidades mineiras que integram o Colar Metropolitano de Belo Horizonte, a Regi\u00e3o Nordeste de Minas e Campo das Vertentes.<\/p>\n<h3>Cria\u00e7\u00e3o<\/h3>\n<p>O grupo nasceu da vis\u00e3o empreendedora que conduziu Pedro Louren\u00e7o de Oliveira a abrir em maio de 1996 sua primeira mercearia, no bairro S\u00e3o Benedito, em Santa Luzia, na Regi\u00e3o Metropolitana de Belo Horizonte.<\/p>\n","protected":false},"excerpt":{"rendered":"<p>A rede Supermercados BH, maior supermercadista de Minas Gerais e a s\u00e9tima maior rede do Brasil, chega a Juiz de Fora. A previs\u00e3o \u00e9 que a loja seja inaugurada em 2019, no Shopping Jardim Norte. O mercado est\u00e1 presente em mais de 48 cidades mineiras que integram o Colar Metropolitano de Belo Horizonte, a Regi\u00e3o [&hellip;]<\/p>\n","protected":false},"author":96,"featured_media":0,"comment_status":"closed","ping_status":"closed","sticky":false,"template":"","format":"standard","meta":{"footnotes":""},"categories":[253,439],"tags":[],"class_list":["post-125155","post","type-post","status-publish","format-standard","hentry","category-cidade","category-ultima-hora"],"_links":{"self":[{"href":"https:\/\/diarioregionaldigital.com.br\/index.php?rest_route=\/wp\/v2\/posts\/125155","targetHints":{"allow":["GET"]}}],"collection":[{"href":"https:\/\/diarioregionaldigital.com.br\/index.php?rest_route=\/wp\/v2\/posts"}],"about":[{"href":"https:\/\/diarioregionaldigital.com.br\/index.php?rest_route=\/wp\/v2\/types\/post"}],"author":[{"embeddable":true,"href":"https:\/\/diarioregionaldigital.com.br\/index.php?rest_route=\/wp\/v2\/users\/96"}],"replies":[{"embeddable":true,"href":"https:\/\/diarioregionaldigital.com.br\/index.php?rest_route=%2Fwp%2Fv2%2Fcomments&post=125155"}],"version-history":[{"count":0,"href":"https:\/\/diarioregionaldigital.com.br\/index.php?rest_route=\/wp\/v2\/posts\/125155\/revisions"}],"wp:attachment":[{"href":"https:\/\/diarioregionaldigital.com.br\/index.php?rest_route=%2Fwp%2Fv2%2Fmedia&parent=125155"}],"wp:term":[{"taxonomy":"category","embeddable":true,"href":"https:\/\/diarioregionaldigital.com.br\/index.php?rest_route=%2Fwp%2Fv2%2Fcategories&post=125155"},{"taxonomy":"post_tag","embeddable":true,"href":"https:\/\/diarioregionaldigital.com.br\/index.php?rest_route=%2Fwp%2Fv2%2Ftags&post=125155"}],"curies":[{"name":"wp","href":"https:\/\/api.w.org\/{rel}","templated":true}]}}