{"id":125152,"date":"2018-11-08T10:24:21","date_gmt":"2018-11-08T12:24:21","guid":{"rendered":"https:\/\/diarioregionaldigital.com.br\/?p=125152"},"modified":"2018-11-08T10:24:31","modified_gmt":"2018-11-08T12:24:31","slug":"mostra-inventa-incena-reune-cem-artistas-de-tres-estados","status":"publish","type":"post","link":"https:\/\/diarioregionaldigital.com.br\/?p=125152","title":{"rendered":"Mostra \u201cInventa InCena\u201d re\u00fane cem artistas de tr\u00eas estados"},"content":{"rendered":"<p>Come\u00e7a nesta quinta-feira, 8, a \u201c2\u00aa Mostra Inventa InCena\u201d, que vai oferecer ao p\u00fablico dez espet\u00e1culos teatrais, 19 cenas curtas, lan\u00e7amento de dois livros e duas oficinas, em cinco espa\u00e7os culturais de Juiz de Fora: Centro Cultural \u201cBernardo Mascarenhas\u201d (CCBM), Centro de Artes e Esportes Unificados Coronel \u201cAdelmir Romualdo de Oliveira\u201d (Pra\u00e7a CEU), Esta\u00e7\u00e3o Palco, Sala de Giz e Instituto Cultural Tenetehara. Conforme a organiza\u00e7\u00e3o do evento, o objetivo \u00e9 promover o encontro da plateia com o artista, mostrando o potencial comunicativo, a responsabilidade e a diversidade da cultura como fator de resist\u00eancia.<\/p>\n<p>Reunindo cerca de cem artistas da Bahia (Salvador), do Rio de Janeiro (Angra dos Reis) e de Minas Gerais (Juiz de Fora, Ub\u00e1, S\u00e3o Jo\u00e3o del-Rei e Vi\u00e7osa), a mostra foi dividida em duas partes. A primeira etapa, que segue at\u00e9 domingo, 11, inclui nove montagens, duas oficinas e lan\u00e7amento do livro \u201c17 Degraus\u201d, de Fabr\u00edcio Sereno. J\u00e1 a segunda fase, acontece entre 15 e 18 de novembro e consiste na \u201cMostra Competitiva de Cenas Curtas\u201d, com 15 concorrentes e quatro convidadas, noite de aut\u00f3grafos do livro \u201cCia. Teatrando \u2013 Tecendo Hist\u00f3rias no Teatro entre Mem\u00f3rias, Ilus\u00f5es e F\u00e1bulas\u201d, de Adryana Ryal, premia\u00e7\u00e3o das melhores cenas curtas e o espet\u00e1culo de encerramento. Confira a programa\u00e7\u00e3o completa em anexo.<\/p>\n<p>Os ingressos para os espet\u00e1culos variam de R$ 15 a R$ 30, com exce\u00e7\u00e3o da montagem de abertura \u201cVelhos Tempos de Mim: Saberes e Sabores da Inf\u00e2ncia\u201d, quinta-feira, \u00e0s 19 horas, na Pra\u00e7a CEU, que tem entrada franca. A compra de ingressos para as outras pe\u00e7as pode ser formalizada pelo facebook @inventaincena ou na portaria dos teatros, com 15 minutos de anteced\u00eancia.<\/p>\n<p><b>Oficinas<\/b><\/p>\n<p>As oficinas programadas para o \u201cInventa InCena\u201d s\u00e3o:<\/p>\n<p>&#8211; \u201cEspa\u00e7o Corpo Espa\u00e7o\u201d &#8211; dia 10, das 10 \u00e0s 13 horas, com Matheus Menezes, na Esta\u00e7\u00e3o Palco. Pre\u00e7o: R$ 25.<\/p>\n<p>&#8211; \u201cA Dramaturgia do Indiv\u00edduo\u201d \u2013 dia 10, a partir das 15 horas, com Fabr\u00edcio Sereno, no Espa\u00e7o Sala de Giz. Pre\u00e7o: R$ 50.<\/p>\n<p><em>Fonte: Assessoria<\/em><\/p>\n","protected":false},"excerpt":{"rendered":"<p>Come\u00e7a nesta quinta-feira, 8, a \u201c2\u00aa Mostra Inventa InCena\u201d, que vai oferecer ao p\u00fablico dez espet\u00e1culos teatrais, 19 cenas curtas, lan\u00e7amento de dois livros e duas oficinas, em cinco espa\u00e7os culturais de Juiz de Fora: Centro Cultural \u201cBernardo Mascarenhas\u201d (CCBM), Centro de Artes e Esportes Unificados Coronel \u201cAdelmir Romualdo de Oliveira\u201d (Pra\u00e7a CEU), Esta\u00e7\u00e3o Palco, [&hellip;]<\/p>\n","protected":false},"author":96,"featured_media":0,"comment_status":"closed","ping_status":"closed","sticky":false,"template":"","format":"standard","meta":{"footnotes":""},"categories":[256,439],"tags":[],"class_list":["post-125152","post","type-post","status-publish","format-standard","hentry","category-cultura","category-ultima-hora"],"_links":{"self":[{"href":"https:\/\/diarioregionaldigital.com.br\/index.php?rest_route=\/wp\/v2\/posts\/125152","targetHints":{"allow":["GET"]}}],"collection":[{"href":"https:\/\/diarioregionaldigital.com.br\/index.php?rest_route=\/wp\/v2\/posts"}],"about":[{"href":"https:\/\/diarioregionaldigital.com.br\/index.php?rest_route=\/wp\/v2\/types\/post"}],"author":[{"embeddable":true,"href":"https:\/\/diarioregionaldigital.com.br\/index.php?rest_route=\/wp\/v2\/users\/96"}],"replies":[{"embeddable":true,"href":"https:\/\/diarioregionaldigital.com.br\/index.php?rest_route=%2Fwp%2Fv2%2Fcomments&post=125152"}],"version-history":[{"count":0,"href":"https:\/\/diarioregionaldigital.com.br\/index.php?rest_route=\/wp\/v2\/posts\/125152\/revisions"}],"wp:attachment":[{"href":"https:\/\/diarioregionaldigital.com.br\/index.php?rest_route=%2Fwp%2Fv2%2Fmedia&parent=125152"}],"wp:term":[{"taxonomy":"category","embeddable":true,"href":"https:\/\/diarioregionaldigital.com.br\/index.php?rest_route=%2Fwp%2Fv2%2Fcategories&post=125152"},{"taxonomy":"post_tag","embeddable":true,"href":"https:\/\/diarioregionaldigital.com.br\/index.php?rest_route=%2Fwp%2Fv2%2Ftags&post=125152"}],"curies":[{"name":"wp","href":"https:\/\/api.w.org\/{rel}","templated":true}]}}