{"id":125138,"date":"2018-11-08T09:49:04","date_gmt":"2018-11-08T11:49:04","guid":{"rendered":"https:\/\/diarioregionaldigital.com.br\/?p=125138"},"modified":"2018-11-08T09:49:04","modified_gmt":"2018-11-08T11:49:04","slug":"judiciario-mineiro-adere-a-campanha-contra-o-cancer-de-prostata","status":"publish","type":"post","link":"https:\/\/diarioregionaldigital.com.br\/?p=125138","title":{"rendered":"Judici\u00e1rio mineiro adere \u00e0 campanha contra o c\u00e2ncer de pr\u00f3stata"},"content":{"rendered":"<p>Chamar a aten\u00e7\u00e3o da popula\u00e7\u00e3o masculina para a import\u00e2ncia da ado\u00e7\u00e3o de h\u00e1bitos de vida saud\u00e1veis e da preven\u00e7\u00e3o contra doen\u00e7as que prevalecem entre os homens, em especial, o c\u00e2ncer de pr\u00f3stata. Com esse objetivo, acontece em todo o Pa\u00eds, neste m\u00eas, o Novembro Azul. Em ades\u00e3o \u00e0 campanha, o Tribunal de Justi\u00e7a de Minas Gerais (TJMG) ir\u00e1 realizar, nos pr\u00f3ximos dias, a\u00e7\u00f5es pontuais junto ao p\u00fablico interno e externo da institui\u00e7\u00e3o. Al\u00e9m de levar informa\u00e7\u00f5es sobre a doen\u00e7a, um dos focos da campanha no Judici\u00e1rio mineiro \u00e9 a preven\u00e7\u00e3o ao diabetes.<\/p>\n<p>Dados do Instituto Nacional do C\u00e2ncer (Inca) indicam que, no Brasil, o c\u00e2ncer de pr\u00f3stata \u00e9 o segundo mais comum entre os homens, ficando atr\u00e1s apenas do c\u00e2ncer de pele n\u00e3o melanoma.\u00a0 Em valores absolutos, \u00e9 o quarto tipo mais comum no mundo e o mais prevalente em homens, representando cerca de 10% do total de c\u00e2nceres. Estima-se que 68 mil novos casos da doen\u00e7a dever\u00e3o ocorrer no Pa\u00eds, em 2018.<\/p>\n<p>J\u00e1 o diabetes, mol\u00e9stia cr\u00f4nica caracterizada pela defici\u00eancia na produ\u00e7\u00e3o de insulina pelo p\u00e2ncreas ou inefici\u00eancia de sua a\u00e7\u00e3o no organismo, acomete 400 milh\u00f5es de pessoas no mundo, causando mais de 5 milh\u00f5es de mortes anuais \u2013 em parte porque aproximadamente metade das pessoas n\u00e3o sabe que possui a doen\u00e7a. No caso do Brasil, j\u00e1 s\u00e3o mais de 13 milh\u00f5es de pessoas com diabetes, 6,9 % da popula\u00e7\u00e3o. Muitas delas, sem diagn\u00f3stico e a maioria com controle inadequado da enfermidade.<\/p>\n<h3><strong>Vem de Azul<\/strong><\/h3>\n<p>Para alertar os homens para esse contexto, luzes azuis est\u00e3o iluminando a sede do TJMG no alto da avenida Afonso Pena e o Pal\u00e1cio da Justi\u00e7a Rodrigues Campos, primeira sede da institui\u00e7\u00e3o, desde o \u00faltimo 1\u00ba de novembro. Al\u00e9m disso, na tarde desta quarta-feira, 7 de novembro, uma equipe da Ger\u00eancia de Sa\u00fade (Gersat), composta por \u00a0m\u00e9dicos e enfermeiros, est\u00e1 dispon\u00edvel, em um\u00a0<em>stand<\/em>\u00a0no 1\u00ba andar do Edif\u00edcio Sede, prestando orienta\u00e7\u00f5es sobre cuidados e preven\u00e7\u00e3o ao c\u00e2ncer de pr\u00f3stata a servidores e magistrados.<\/p>\n<p>\u201cTamb\u00e9m hoje, em alus\u00e3o ao Dia Mundial do Diabetes, comemorado igualmente neste m\u00eas\u00a0de novembro, est\u00e3o sendo oferecidos no\u00a0<em>stand\u00a0<\/em>testes de glicemia e medi\u00e7\u00e3o de \u00cdndice de Massa Corporal (IMC) aos servidores que apresentam fator de risco para diabetes, visando conscientiz\u00e1-los sobre a import\u00e2ncia da preven\u00e7\u00e3o e da educa\u00e7\u00e3o nos cuidados de pacientes com a doen\u00e7a\u201d, explica Karine Lima, da Coordena\u00e7\u00e3o de Qualidade de Vida no Trabalho (Covit) da Gersat.<\/p>\n<p>No TJMG, o Novembro Azul, para al\u00e9m da \u00eanfase na preven\u00e7\u00e3o e no diagn\u00f3stico precoce do c\u00e2ncer de pr\u00f3stata e do diabetes, apresenta um objetivo mais amplo: promover uma conscientiza\u00e7\u00e3o sobre a import\u00e2ncia de se pensar na sa\u00fade integral do homem. Por isso, a equipe da Gersat tamb\u00e9m est\u00e1 distribuindo ao p\u00fablico, no dia de hoje, a cartilha Sa\u00fade do Homem, que re\u00fane v\u00e1rias informa\u00e7\u00f5es que visam ao cuidado integral da sa\u00fade masculina.<\/p>\n<p>Al\u00e9m disso, no dia 23 de novembro, a exemplo do que ocorreu durante a campanha Outubro Rosa, o Judici\u00e1rio mineiro realiza o\u00a0<em>Vem de Azul<\/em>, por meio do qual\u00a0 magistrados, servidores, advogados e usu\u00e1rios da Justi\u00e7a s\u00e3o convidados a utilizar uma pe\u00e7a de roupa azul em seu vestu\u00e1rio. Fotos tiradas por aqueles que aderirem ao chamamento ser\u00e3o divulgadas nas redes sociais do TJMG, com as\u00a0<em>hashtags<\/em>\u00a0#VemdeazulTJMG e #NovembroAzulTJMG.<\/p>\n<h3><strong>C\u00e2ncer de pr\u00f3stata<\/strong><\/h3>\n<p>Como a idade \u00e9 um dos fatores de risco mais importantes para o c\u00e2ncer de pr\u00f3stata, a recomenda\u00e7\u00e3o \u00e9 que os homens se consultem com um urologista ap\u00f3s 45 anos de idade, ou a partir dos 40 anos, caso algum familiar tenha sido diagnosticado com a doen\u00e7a. Na Cartilha Sa\u00fade do Homem, produzida pela Gersat, figuram como fatores de risco para a doen\u00e7a, ainda, a hist\u00f3ria familiar, o tabagismo, o alcoolismo e a obesidade. Ainda de acordo com informa\u00e7\u00f5es da cartilha, a prescri\u00e7\u00e3o de exames como a dosagem de PSA e o toque retal sofreu altera\u00e7\u00e3o, n\u00e3o sendo mais indicada de forma indiscriminada. Por isso a import\u00e2ncia da procura de um profissional m\u00e9dico.<\/p>\n<p>\u201cNas fases iniciais, o c\u00e2ncer de pr\u00f3stata se apresenta silencioso, n\u00e3o causando nenhum sintoma espec\u00edfico. Com seu crescimento, podem surgir sintomas urin\u00e1rios obstrutivos e outros: dificuldade miccional; frequ\u00eancia urin\u00e1ria aumentada durante o dia ou \u00e0 noite; diminui\u00e7\u00e3o do jato urin\u00e1rio, gotejamento ap\u00f3s a mic\u00e7\u00e3o, sensa\u00e7\u00e3o de esvaziamento incompleto da bexiga, urg\u00eancia, incontin\u00eancia; sangramento pela uretra; dor lombar ou \u00f3ssea; infec\u00e7\u00f5es generalizadas ou insufici\u00eancia renal (em casos mais graves). Como pode apresentar-se silencioso nas fases iniciais, \u00e9 de fundamental import\u00e2ncia a realiza\u00e7\u00e3o de avalia\u00e7\u00f5es peri\u00f3dicas de sa\u00fade, principalmente para os homens com mais de 50 anos\u201d, explica o material informativo.<\/p>\n<h3><strong>Diabetes<\/strong><\/h3>\n<p>No caso do diabetes, de acordo com dados da Gersat, a Associa\u00e7\u00e3o Americana de Diabetes recomenda que adultos que estejam acima do peso ou obesos e que tenham um ou mais fatores de risco realizem exame para detec\u00e7\u00e3o da doen\u00e7a. Aqueles que n\u00e3o apresentam fatores de risco devem come\u00e7ar a fazer os exames aos 45 anos.<\/p>\n<p>Ente os fatores de risco para o diabetes do tipo 1, embora n\u00e3o haja pesquisas conclusivas sobre isso, est\u00e1 a quest\u00e3o gen\u00e9tica. Entre os riscos para o tipo 2 da doen\u00e7a, figuram: idade superior a 45 anos; sedentarismo; press\u00e3o alta; sobrepeso, principalmente se a gordura estiver concentrada em volta da cintura; colesterol alto ou altera\u00e7\u00f5es na taxa de triglic\u00e9rides no sangue; pais ou irm\u00e3o com diabetes; e apneia do sono, entre outras.<\/p>\n<p>Ainda de acordo com informa\u00e7\u00f5es da Gersat, o diabetes come\u00e7a antes de a glicemia se elevar, quando as pessoas se descuidam e come\u00e7am a engordar, n\u00e3o fazem atividade f\u00edsica e n\u00e3o se alimentam adequadamente. Entre os principais sintomas da doen\u00e7a, est\u00e3o o cansa\u00e7o f\u00e1cil, muita sede, emagrecimento, aumento de apetite e urina aumentada. O diagn\u00f3stico \u00e9 feito por meio de exames laboratoriais espec\u00edficos que avaliam a dosagem de glicose no sangue.<\/p>\n<p><em>Fonte: TJMG<\/em><\/p>\n","protected":false},"excerpt":{"rendered":"<p>Chamar a aten\u00e7\u00e3o da popula\u00e7\u00e3o masculina para a import\u00e2ncia da ado\u00e7\u00e3o de h\u00e1bitos de vida saud\u00e1veis e da preven\u00e7\u00e3o contra doen\u00e7as que prevalecem entre os homens, em especial, o c\u00e2ncer de pr\u00f3stata. Com esse objetivo, acontece em todo o Pa\u00eds, neste m\u00eas, o Novembro Azul. Em ades\u00e3o \u00e0 campanha, o Tribunal de Justi\u00e7a de Minas [&hellip;]<\/p>\n","protected":false},"author":96,"featured_media":0,"comment_status":"closed","ping_status":"closed","sticky":false,"template":"","format":"standard","meta":{"footnotes":""},"categories":[252,439],"tags":[],"class_list":["post-125138","post","type-post","status-publish","format-standard","hentry","category-regiao","category-ultima-hora"],"_links":{"self":[{"href":"https:\/\/diarioregionaldigital.com.br\/index.php?rest_route=\/wp\/v2\/posts\/125138","targetHints":{"allow":["GET"]}}],"collection":[{"href":"https:\/\/diarioregionaldigital.com.br\/index.php?rest_route=\/wp\/v2\/posts"}],"about":[{"href":"https:\/\/diarioregionaldigital.com.br\/index.php?rest_route=\/wp\/v2\/types\/post"}],"author":[{"embeddable":true,"href":"https:\/\/diarioregionaldigital.com.br\/index.php?rest_route=\/wp\/v2\/users\/96"}],"replies":[{"embeddable":true,"href":"https:\/\/diarioregionaldigital.com.br\/index.php?rest_route=%2Fwp%2Fv2%2Fcomments&post=125138"}],"version-history":[{"count":0,"href":"https:\/\/diarioregionaldigital.com.br\/index.php?rest_route=\/wp\/v2\/posts\/125138\/revisions"}],"wp:attachment":[{"href":"https:\/\/diarioregionaldigital.com.br\/index.php?rest_route=%2Fwp%2Fv2%2Fmedia&parent=125138"}],"wp:term":[{"taxonomy":"category","embeddable":true,"href":"https:\/\/diarioregionaldigital.com.br\/index.php?rest_route=%2Fwp%2Fv2%2Fcategories&post=125138"},{"taxonomy":"post_tag","embeddable":true,"href":"https:\/\/diarioregionaldigital.com.br\/index.php?rest_route=%2Fwp%2Fv2%2Ftags&post=125138"}],"curies":[{"name":"wp","href":"https:\/\/api.w.org\/{rel}","templated":true}]}}