{"id":125134,"date":"2018-11-08T09:40:35","date_gmt":"2018-11-08T11:40:35","guid":{"rendered":"https:\/\/diarioregionaldigital.com.br\/?p=125134"},"modified":"2018-11-08T09:40:35","modified_gmt":"2018-11-08T11:40:35","slug":"settra-implanta-mao-unica-no-bairro-cascatinha","status":"publish","type":"post","link":"https:\/\/diarioregionaldigital.com.br\/?p=125134","title":{"rendered":"Settra implanta m\u00e3o \u00fanica no Bairro Cascatinha"},"content":{"rendered":"<p>A partir desta quinta-feira, 8, a Rua Petruz Zaka, entre a Rua Tom Fagundes e Av. Dr. Paulo Japiassu Coelho, neste sentido, passa a operar em m\u00e3o \u00fanica.<\/p>\n<p>A mudan\u00e7a ser\u00e1 feita para maior seguran\u00e7a dos pedestres e melhor fluidez no tr\u00e2nsito. Caso as condi\u00e7\u00f5es clim\u00e1ticas n\u00e3o estejam favor\u00e1veis, a altera\u00e7\u00e3o ser\u00e1 adiada para o dia seguinte.<\/p>\n","protected":false},"excerpt":{"rendered":"<p>A partir desta quinta-feira, 8, a Rua Petruz Zaka, entre a Rua Tom Fagundes e Av. Dr. Paulo Japiassu Coelho, neste sentido, passa a operar em m\u00e3o \u00fanica. A mudan\u00e7a ser\u00e1 feita para maior seguran\u00e7a dos pedestres e melhor fluidez no tr\u00e2nsito. Caso as condi\u00e7\u00f5es clim\u00e1ticas n\u00e3o estejam favor\u00e1veis, a altera\u00e7\u00e3o ser\u00e1 adiada para o [&hellip;]<\/p>\n","protected":false},"author":96,"featured_media":0,"comment_status":"closed","ping_status":"closed","sticky":false,"template":"","format":"standard","meta":{"footnotes":""},"categories":[253,439],"tags":[],"class_list":["post-125134","post","type-post","status-publish","format-standard","hentry","category-cidade","category-ultima-hora"],"_links":{"self":[{"href":"https:\/\/diarioregionaldigital.com.br\/index.php?rest_route=\/wp\/v2\/posts\/125134","targetHints":{"allow":["GET"]}}],"collection":[{"href":"https:\/\/diarioregionaldigital.com.br\/index.php?rest_route=\/wp\/v2\/posts"}],"about":[{"href":"https:\/\/diarioregionaldigital.com.br\/index.php?rest_route=\/wp\/v2\/types\/post"}],"author":[{"embeddable":true,"href":"https:\/\/diarioregionaldigital.com.br\/index.php?rest_route=\/wp\/v2\/users\/96"}],"replies":[{"embeddable":true,"href":"https:\/\/diarioregionaldigital.com.br\/index.php?rest_route=%2Fwp%2Fv2%2Fcomments&post=125134"}],"version-history":[{"count":0,"href":"https:\/\/diarioregionaldigital.com.br\/index.php?rest_route=\/wp\/v2\/posts\/125134\/revisions"}],"wp:attachment":[{"href":"https:\/\/diarioregionaldigital.com.br\/index.php?rest_route=%2Fwp%2Fv2%2Fmedia&parent=125134"}],"wp:term":[{"taxonomy":"category","embeddable":true,"href":"https:\/\/diarioregionaldigital.com.br\/index.php?rest_route=%2Fwp%2Fv2%2Fcategories&post=125134"},{"taxonomy":"post_tag","embeddable":true,"href":"https:\/\/diarioregionaldigital.com.br\/index.php?rest_route=%2Fwp%2Fv2%2Ftags&post=125134"}],"curies":[{"name":"wp","href":"https:\/\/api.w.org\/{rel}","templated":true}]}}