{"id":125132,"date":"2018-11-08T09:39:48","date_gmt":"2018-11-08T11:39:48","guid":{"rendered":"https:\/\/diarioregionaldigital.com.br\/?p=125132"},"modified":"2018-11-08T09:39:48","modified_gmt":"2018-11-08T11:39:48","slug":"assalto-no-bairro-jardim-gloria-e-registrado-pela-policia-militar","status":"publish","type":"post","link":"https:\/\/diarioregionaldigital.com.br\/?p=125132","title":{"rendered":"Assalto no bairro Jardim Gl\u00f3ria \u00e9 registrado pela Pol\u00edcia Militar"},"content":{"rendered":"<p>Um homem, de 28 anos, foi assaltado nessa quarta-feira, 7, no bairro Jardim Gl\u00f3ria, na regi\u00e3o central de Juiz de Fora. Ele passava pela Rua Capit\u00e3o Arnaldo de Carvalho, por volta das 16h30, quando foi surpreendido por um indiv\u00edduo de bicicleta, que levantou a camisa e mostrou uma arma.<\/p>\n<p>O assaltante queria dinheiro, mas como a v\u00edtima disse que n\u00e3o tinha, ele pediu para que ela entregasse o celular. Ap\u00f3s conseguir o aparelho, o autor fugiu e n\u00e3o foi localizado pela Pol\u00edcia Militar durante rastreamento na \u00e1rea.<\/p>\n<p>Segundo o homem roubado, o assaltante aparentava ter, em m\u00e9dia, 25 anos, era mulato, tinha cabelo curto, altura mediana e, no momento do crime, usava bon\u00e9 vermelho, camisa preta e bermuda, al\u00e9m de ter em m\u00e3os uma mochila escura.<\/p>\n","protected":false},"excerpt":{"rendered":"<p>Um homem, de 28 anos, foi assaltado nessa quarta-feira, 7, no bairro Jardim Gl\u00f3ria, na regi\u00e3o central de Juiz de Fora. Ele passava pela Rua Capit\u00e3o Arnaldo de Carvalho, por volta das 16h30, quando foi surpreendido por um indiv\u00edduo de bicicleta, que levantou a camisa e mostrou uma arma. O assaltante queria dinheiro, mas como [&hellip;]<\/p>\n","protected":false},"author":96,"featured_media":97342,"comment_status":"closed","ping_status":"closed","sticky":false,"template":"","format":"standard","meta":{"footnotes":""},"categories":[301],"tags":[],"class_list":["post-125132","post","type-post","status-publish","format-standard","has-post-thumbnail","hentry","category-artigos-policiais"],"_links":{"self":[{"href":"https:\/\/diarioregionaldigital.com.br\/index.php?rest_route=\/wp\/v2\/posts\/125132","targetHints":{"allow":["GET"]}}],"collection":[{"href":"https:\/\/diarioregionaldigital.com.br\/index.php?rest_route=\/wp\/v2\/posts"}],"about":[{"href":"https:\/\/diarioregionaldigital.com.br\/index.php?rest_route=\/wp\/v2\/types\/post"}],"author":[{"embeddable":true,"href":"https:\/\/diarioregionaldigital.com.br\/index.php?rest_route=\/wp\/v2\/users\/96"}],"replies":[{"embeddable":true,"href":"https:\/\/diarioregionaldigital.com.br\/index.php?rest_route=%2Fwp%2Fv2%2Fcomments&post=125132"}],"version-history":[{"count":0,"href":"https:\/\/diarioregionaldigital.com.br\/index.php?rest_route=\/wp\/v2\/posts\/125132\/revisions"}],"wp:featuredmedia":[{"embeddable":true,"href":"https:\/\/diarioregionaldigital.com.br\/index.php?rest_route=\/wp\/v2\/media\/97342"}],"wp:attachment":[{"href":"https:\/\/diarioregionaldigital.com.br\/index.php?rest_route=%2Fwp%2Fv2%2Fmedia&parent=125132"}],"wp:term":[{"taxonomy":"category","embeddable":true,"href":"https:\/\/diarioregionaldigital.com.br\/index.php?rest_route=%2Fwp%2Fv2%2Fcategories&post=125132"},{"taxonomy":"post_tag","embeddable":true,"href":"https:\/\/diarioregionaldigital.com.br\/index.php?rest_route=%2Fwp%2Fv2%2Ftags&post=125132"}],"curies":[{"name":"wp","href":"https:\/\/api.w.org\/{rel}","templated":true}]}}