{"id":125127,"date":"2018-11-08T09:17:03","date_gmt":"2018-11-08T11:17:03","guid":{"rendered":"https:\/\/diarioregionaldigital.com.br\/?p=125127"},"modified":"2018-11-08T09:27:02","modified_gmt":"2018-11-08T11:27:02","slug":"bolsonaro-negocia-reforma-da-previdencia-com-parlamentares","status":"publish","type":"post","link":"https:\/\/diarioregionaldigital.com.br\/?p=125127","title":{"rendered":"Bolsonaro negocia reforma da Previd\u00eancia com parlamentares"},"content":{"rendered":"<p>O presidente eleito Jair Bolsonaro se re\u00fane na manh\u00e3 desta quinta-feira, 8, pela manh\u00e3, com parlamentares no apartamento funcional dele em Bras\u00edlia, para negociar a\u00a0parte da reforma da Previd\u00eancia. A finalidade \u00e9 garantir a aprova\u00e7\u00e3o ainda este ano de algumas propostas de tramita\u00e7\u00e3o mais simples no\u00a0Congresso Nacional.<\/p>\n<p>Em meio a dificuldades pela falta de consenso no Congresso Nacional, Bolsonaro indicou nessa quarta-feira, 7 que a negocia\u00e7\u00e3o passa por buscar a aprova\u00e7\u00e3o de medidas que n\u00e3o alterem a Constitui\u00e7\u00e3o.<\/p>\n<p>Segundo o presidente eleito, a aprova\u00e7\u00e3o da reforma da reforma da Previd\u00eancia \u00e9 um avan\u00e7o tamb\u00e9m para buscar solu\u00e7\u00f5es para as contas p\u00fablicas. \u201cO que queremos \u00e9 votar alguma coisa o quanto antes\u201d, ressaltou Bolsonaro.<\/p>\n<h2>Pontos<\/h2>\n<p>A aprova\u00e7\u00e3o de uma\u00a0proposta de emenda \u00e0 Constitui\u00e7\u00e3o (PEC)\u00a0depende do apoio de dois ter\u00e7os dos 513 deputados e 81 senadores, em dois turnos de vota\u00e7\u00e3o em cada Casa, antecedida por um processo de negocia\u00e7\u00e3o. A demora \u00e9 certa pela tradi\u00e7\u00e3o do Congresso.<\/p>\n<p>Portanto, a equipe de Bolsonaro pode deixar para uma segunda etapa eventuais mudan\u00e7as sobre a fixa\u00e7\u00e3o da idade m\u00ednima. O presidente eleito afirmou em v\u00e1rias ocasi\u00f5es ser favor\u00e1vel \u00e0 defini\u00e7\u00e3o de idade m\u00ednima para aposentadoria para o setor p\u00fablico, consideradas as exce\u00e7\u00f5es.<\/p>\n<p><em>Fonte: Ag\u00eancia Brasil<\/em><\/p>\n","protected":false},"excerpt":{"rendered":"<p>O presidente eleito Jair Bolsonaro se re\u00fane na manh\u00e3 desta quinta-feira, 8, pela manh\u00e3, com parlamentares no apartamento funcional dele em Bras\u00edlia, para negociar a\u00a0parte da reforma da Previd\u00eancia. A finalidade \u00e9 garantir a aprova\u00e7\u00e3o ainda este ano de algumas propostas de tramita\u00e7\u00e3o mais simples no\u00a0Congresso Nacional. Em meio a dificuldades pela falta de consenso [&hellip;]<\/p>\n","protected":false},"author":96,"featured_media":0,"comment_status":"closed","ping_status":"closed","sticky":false,"template":"","format":"standard","meta":{"footnotes":""},"categories":[254,439],"tags":[],"class_list":["post-125127","post","type-post","status-publish","format-standard","hentry","category-politica","category-ultima-hora"],"_links":{"self":[{"href":"https:\/\/diarioregionaldigital.com.br\/index.php?rest_route=\/wp\/v2\/posts\/125127","targetHints":{"allow":["GET"]}}],"collection":[{"href":"https:\/\/diarioregionaldigital.com.br\/index.php?rest_route=\/wp\/v2\/posts"}],"about":[{"href":"https:\/\/diarioregionaldigital.com.br\/index.php?rest_route=\/wp\/v2\/types\/post"}],"author":[{"embeddable":true,"href":"https:\/\/diarioregionaldigital.com.br\/index.php?rest_route=\/wp\/v2\/users\/96"}],"replies":[{"embeddable":true,"href":"https:\/\/diarioregionaldigital.com.br\/index.php?rest_route=%2Fwp%2Fv2%2Fcomments&post=125127"}],"version-history":[{"count":0,"href":"https:\/\/diarioregionaldigital.com.br\/index.php?rest_route=\/wp\/v2\/posts\/125127\/revisions"}],"wp:attachment":[{"href":"https:\/\/diarioregionaldigital.com.br\/index.php?rest_route=%2Fwp%2Fv2%2Fmedia&parent=125127"}],"wp:term":[{"taxonomy":"category","embeddable":true,"href":"https:\/\/diarioregionaldigital.com.br\/index.php?rest_route=%2Fwp%2Fv2%2Fcategories&post=125127"},{"taxonomy":"post_tag","embeddable":true,"href":"https:\/\/diarioregionaldigital.com.br\/index.php?rest_route=%2Fwp%2Fv2%2Ftags&post=125127"}],"curies":[{"name":"wp","href":"https:\/\/api.w.org\/{rel}","templated":true}]}}