{"id":125117,"date":"2018-11-08T08:42:07","date_gmt":"2018-11-08T10:42:07","guid":{"rendered":"https:\/\/diarioregionaldigital.com.br\/?p=125117"},"modified":"2018-11-08T08:42:07","modified_gmt":"2018-11-08T10:42:07","slug":"conferencia-municipal-dos-direitos-da-crianca-e-do-adolescente-comeca-nesta-quinta-feira","status":"publish","type":"post","link":"https:\/\/diarioregionaldigital.com.br\/?p=125117","title":{"rendered":"Confer\u00eancia Municipal dos Direitos da Crian\u00e7a e do Adolescente come\u00e7a nesta quinta-feira"},"content":{"rendered":"<p>Com o tema \u201cProte\u00e7\u00e3o integral, diversidade e enfrentamento \u00e0s viol\u00eancias\u201d, ser\u00e1 aberta, nesta quinta-feira, 8, a \u201c8\u00aa Confer\u00eancia Municipal dos Direitos da Crian\u00e7a e do Adolescente\u201d. A estimativa \u00e9 que cerca de 300 inscritos participem do evento, que ser\u00e1 realizado no Ritz Plaza Hotel, at\u00e9 sexta-feira, 9, durante todo o dia. A promo\u00e7\u00e3o \u00e9 do Conselho Municipal dos Direitos da Crian\u00e7a e do Adolescente (CMDCA), vinculado \u00e0 Secretaria de Governo (SG) da Prefeitura de Juiz de Fora (PJF).<\/p>\n<p>A abertura contar\u00e1 com participa\u00e7\u00e3o do projeto \u201cGente em Primeiro Lugar\u201d, desenvolvido pela PJF, com gerenciamento da Funda\u00e7\u00e3o Cultural Alfredo Ferreira Lage (Funalfa) e da Associa\u00e7\u00e3o Cultural Arte e Vida (Acav). A palestra magna ser\u00e1 ministrada pelo professor Deln\u00e9rio Cruz, p\u00f3s-graduado em Administra\u00e7\u00e3o de Recursos Humanos e Controladoria Governamental e especialista em conselhos de direito e pol\u00edticas p\u00fablicas para inf\u00e2ncia e adolesc\u00eancia.<\/p>\n<p>Durante a tarde do primeiro dia e a manh\u00e3 do segundo, ser\u00e3o realizadas plen\u00e1rias tem\u00e1ticas, que abordar\u00e3o: garantia dos direitos e pol\u00edticas p\u00fablicas integradas e de inclus\u00e3o social; preven\u00e7\u00e3o e enfrentamento da viol\u00eancia contra o p\u00fablico-alvo; or\u00e7amento e financiamento das pol\u00edticas para o setor; participa\u00e7\u00e3o, comunica\u00e7\u00e3o social e protagonismo infantojuvenil; e espa\u00e7os de gest\u00e3o e controle social dessas pol\u00edticas p\u00fablicas de promo\u00e7\u00e3o prote\u00e7\u00e3o e defesa de direitos. Na \u00faltima parte da confer\u00eancia, ser\u00e1 realizada a plen\u00e1ria final, al\u00e9m da elei\u00e7\u00e3o dos delegados \u00e0 \u201cConfer\u00eancia Estadual dos Direitos da Crian\u00e7a e do Adolescente\u201d.<\/p>\n<p><em>Fonte: Assessoria<\/em><\/p>\n","protected":false},"excerpt":{"rendered":"<p>Com o tema \u201cProte\u00e7\u00e3o integral, diversidade e enfrentamento \u00e0s viol\u00eancias\u201d, ser\u00e1 aberta, nesta quinta-feira, 8, a \u201c8\u00aa Confer\u00eancia Municipal dos Direitos da Crian\u00e7a e do Adolescente\u201d. A estimativa \u00e9 que cerca de 300 inscritos participem do evento, que ser\u00e1 realizado no Ritz Plaza Hotel, at\u00e9 sexta-feira, 9, durante todo o dia. A promo\u00e7\u00e3o \u00e9 do [&hellip;]<\/p>\n","protected":false},"author":96,"featured_media":0,"comment_status":"closed","ping_status":"closed","sticky":false,"template":"","format":"standard","meta":{"footnotes":""},"categories":[253,439],"tags":[],"class_list":["post-125117","post","type-post","status-publish","format-standard","hentry","category-cidade","category-ultima-hora"],"_links":{"self":[{"href":"https:\/\/diarioregionaldigital.com.br\/index.php?rest_route=\/wp\/v2\/posts\/125117","targetHints":{"allow":["GET"]}}],"collection":[{"href":"https:\/\/diarioregionaldigital.com.br\/index.php?rest_route=\/wp\/v2\/posts"}],"about":[{"href":"https:\/\/diarioregionaldigital.com.br\/index.php?rest_route=\/wp\/v2\/types\/post"}],"author":[{"embeddable":true,"href":"https:\/\/diarioregionaldigital.com.br\/index.php?rest_route=\/wp\/v2\/users\/96"}],"replies":[{"embeddable":true,"href":"https:\/\/diarioregionaldigital.com.br\/index.php?rest_route=%2Fwp%2Fv2%2Fcomments&post=125117"}],"version-history":[{"count":0,"href":"https:\/\/diarioregionaldigital.com.br\/index.php?rest_route=\/wp\/v2\/posts\/125117\/revisions"}],"wp:attachment":[{"href":"https:\/\/diarioregionaldigital.com.br\/index.php?rest_route=%2Fwp%2Fv2%2Fmedia&parent=125117"}],"wp:term":[{"taxonomy":"category","embeddable":true,"href":"https:\/\/diarioregionaldigital.com.br\/index.php?rest_route=%2Fwp%2Fv2%2Fcategories&post=125117"},{"taxonomy":"post_tag","embeddable":true,"href":"https:\/\/diarioregionaldigital.com.br\/index.php?rest_route=%2Fwp%2Fv2%2Ftags&post=125117"}],"curies":[{"name":"wp","href":"https:\/\/api.w.org\/{rel}","templated":true}]}}